{"id":23853,"date":"2020-03-10T18:09:18","date_gmt":"2020-03-10T17:09:18","guid":{"rendered":"https:\/\/www.staging3.viveremaiorca.com\/?p=23853"},"modified":"2025-06-20T19:13:16","modified_gmt":"2025-06-20T17:13:16","slug":"cala-mondrago-2","status":"publish","type":"post","link":"https:\/\/www.viveremaiorca.com\/es\/que-ver\/playas\/cala-mondrago-2\/","title":{"rendered":"Cala Mondrag\u00f2"},"content":{"rendered":"\t\t<div data-elementor-type=\"wp-post\" data-elementor-id=\"23853\" class=\"elementor elementor-23853 elementor-568\" data-elementor-post-type=\"post\">\n\t\t\t\t\t\t<section class=\"elementor-section elementor-top-section elementor-element elementor-element-a68f5d elementor-section-boxed elementor-section-height-default elementor-section-height-default\" data-id=\"a68f5d\" data-element_type=\"section\" data-e-type=\"section\">\n\t\t\t\t\t\t<div class=\"elementor-container elementor-column-gap-no\">\n\t\t\t\t\t<div class=\"elementor-column elementor-col-100 elementor-top-column elementor-element elementor-element-8798a4f\" data-id=\"8798a4f\" data-element_type=\"column\" data-e-type=\"column\">\n\t\t\t<div class=\"elementor-widget-wrap elementor-element-populated\">\n\t\t\t\t\t\t<div class=\"elementor-element elementor-element-920c7f5 elementor-widget elementor-widget-text-editor\" data-id=\"920c7f5\" data-element_type=\"widget\" data-e-type=\"widget\" data-widget_type=\"text-editor.default\">\n\t\t\t\t<div class=\"elementor-widget-container\">\n\t\t\t\t\t\t\t\t\t<p>En este art\u00edculo te hablamos de una de las playas m\u00e1s bonitas de Mallorca. Estamos en el lado sureste de la isla, no lejos de <strong><a href=\"https:\/\/www.viveremaiorca.com\/es\/que-ver\/playas\/cala-des-moro-2\/\">Cala des Moro,<\/a><\/strong>\u00a0<strong><a href=\"https:\/\/www.viveremaiorca.com\/es\/que-ver\/playas\/es-trenc-2\/\">Es Trenc <\/a><\/strong>y\u00a0<strong><a href=\"https:\/\/www.viveremaiorca.com\/es\/que-ver\/playas\/cala-llombards-2\/\">Cala Llombards.<\/a><\/strong><\/p><p>Pero en cierto modo, <strong>Cala Mondrag\u00f3 y su Parque Natural son algo \u00fanico.<\/strong><\/p><p>Aqu\u00ed encontrar\u00e1s toda la informaci\u00f3n que necesitas sobre Cala Mondrag\u00f2, una de las playas que nunca falta en nuestros <a href=\"https:\/\/www.viveremaiorca.com\/es\/su-viaje-a-mallorca-a-medida\/\"><strong>Itinerarios a Medida.<\/strong><\/a><\/p>\t\t\t\t\t\t\t\t<\/div>\n\t\t\t\t<\/div>\n\t\t\t\t<div class=\"elementor-element elementor-element-33cb656 elementor-widget elementor-widget-image\" data-id=\"33cb656\" data-element_type=\"widget\" data-e-type=\"widget\" data-widget_type=\"image.default\">\n\t\t\t\t<div class=\"elementor-widget-container\">\n\t\t\t\t\t\t\t\t\t\t\t\t<figure class=\"wp-caption\">\n\t\t\t\t\t\t\t\t\t\t\t<a href=\"https:\/\/www.viveremaiorca.com\/wp-content\/uploads\/spiaggia-cala-mondrago-maiorca-scaled.jpg\" data-elementor-open-lightbox=\"yes\" data-elementor-lightbox-title=\"Spiaggia Cala Mondrag\u00f2 Maiorca\" data-e-action-hash=\"#elementor-action%3Aaction%3Dlightbox%26settings%3DeyJpZCI6NDI2NzYsInVybCI6Imh0dHBzOlwvXC93d3cudml2ZXJlbWFpb3JjYS5jb21cL3dwLWNvbnRlbnRcL3VwbG9hZHNcL3NwaWFnZ2lhLWNhbGEtbW9uZHJhZ28tbWFpb3JjYS1zY2FsZWQuanBnIn0%3D\">\n\t\t\t\t\t\t\t<img fetchpriority=\"high\" decoding=\"async\" width=\"1536\" height=\"1152\" src=\"https:\/\/www.viveremaiorca.com\/wp-content\/uploads\/spiaggia-cala-mondrago-maiorca-1536x1152.jpg\" class=\"attachment-1536x1536 size-1536x1536 wp-image-42676\" alt=\"\" srcset=\"https:\/\/www.viveremaiorca.com\/wp-content\/uploads\/spiaggia-cala-mondrago-maiorca-1536x1152.jpg 1536w, https:\/\/www.viveremaiorca.com\/wp-content\/uploads\/spiaggia-cala-mondrago-maiorca-scaled-600x450.jpg 600w, https:\/\/www.viveremaiorca.com\/wp-content\/uploads\/spiaggia-cala-mondrago-maiorca-300x225.jpg 300w, https:\/\/www.viveremaiorca.com\/wp-content\/uploads\/spiaggia-cala-mondrago-maiorca-1440x1080.jpg 1440w, https:\/\/www.viveremaiorca.com\/wp-content\/uploads\/spiaggia-cala-mondrago-maiorca-768x576.jpg 768w, https:\/\/www.viveremaiorca.com\/wp-content\/uploads\/spiaggia-cala-mondrago-maiorca-2048x1536.jpg 2048w, https:\/\/www.viveremaiorca.com\/wp-content\/uploads\/spiaggia-cala-mondrago-maiorca-scaled.jpg 1920w\" sizes=\"(max-width: 1536px) 100vw, 1536px\" \/>\t\t\t\t\t\t\t\t<\/a>\n\t\t\t\t\t\t\t\t\t\t\t<figcaption class=\"widget-image-caption wp-caption-text\">Cala Mondrag\u00f3 a primera hora de la ma\u00f1ana<\/figcaption>\n\t\t\t\t\t\t\t\t\t\t<\/figure>\n\t\t\t\t\t\t\t\t\t<\/div>\n\t\t\t\t<\/div>\n\t\t\t\t<div class=\"elementor-element elementor-element-82b4060 elementor-toc--minimized-on-tablet elementor-widget elementor-widget-table-of-contents\" data-id=\"82b4060\" data-element_type=\"widget\" data-e-type=\"widget\" data-settings=\"{&quot;exclude_headings_by_selector&quot;:[],&quot;marker_view&quot;:&quot;bullets&quot;,&quot;icon&quot;:{&quot;value&quot;:&quot;&quot;,&quot;library&quot;:&quot;&quot;},&quot;no_headings_message&quot;:&quot;Non sono state trovate intestazioni in questa pagina.&quot;,&quot;headings_by_tags&quot;:[&quot;h2&quot;,&quot;h3&quot;,&quot;h4&quot;,&quot;h5&quot;,&quot;h6&quot;],&quot;minimize_box&quot;:&quot;yes&quot;,&quot;minimized_on&quot;:&quot;tablet&quot;,&quot;hierarchical_view&quot;:&quot;yes&quot;,&quot;min_height&quot;:{&quot;unit&quot;:&quot;px&quot;,&quot;size&quot;:&quot;&quot;,&quot;sizes&quot;:[]},&quot;min_height_tablet&quot;:{&quot;unit&quot;:&quot;px&quot;,&quot;size&quot;:&quot;&quot;,&quot;sizes&quot;:[]},&quot;min_height_mobile&quot;:{&quot;unit&quot;:&quot;px&quot;,&quot;size&quot;:&quot;&quot;,&quot;sizes&quot;:[]}}\" data-widget_type=\"table-of-contents.default\">\n\t\t\t\t<div class=\"elementor-widget-container\">\n\t\t\t\t\t\t\t\t\t<div class=\"elementor-toc__header\">\n\t\t\t\t\t\t<h4 class=\"elementor-toc__header-title\">\n\t\t\t\t\u00cdndice art\u00edculo\t\t\t<\/h4>\n\t\t\t\t\t\t\t\t\t\t<div class=\"elementor-toc__toggle-button elementor-toc__toggle-button--expand\" role=\"button\" tabindex=\"0\" aria-controls=\"elementor-toc__82b4060\" aria-expanded=\"true\" aria-label=\"Abrir la tabla de contenidos\"><i aria-hidden=\"true\" class=\"fas fa-chevron-down\"><\/i><\/div>\n\t\t\t\t<div class=\"elementor-toc__toggle-button elementor-toc__toggle-button--collapse\" role=\"button\" tabindex=\"0\" aria-controls=\"elementor-toc__82b4060\" aria-expanded=\"true\" aria-label=\"Cerrar la tabla de contenidos\"><i aria-hidden=\"true\" class=\"fas fa-chevron-up\"><\/i><\/div>\n\t\t\t\t\t<\/div>\n\t\t\t\t<div id=\"elementor-toc__82b4060\" class=\"elementor-toc__body\">\n\t\t\t<div class=\"elementor-toc__spinner-container\">\n\t\t\t\t<i class=\"elementor-toc__spinner eicon-animation-spin eicon-loading\" aria-hidden=\"true\"><\/i>\t\t\t<\/div>\n\t\t<\/div>\n\t\t\t\t\t\t<\/div>\n\t\t\t\t<\/div>\n\t\t\t\t<div class=\"elementor-element elementor-element-80225f8 elementor-widget elementor-widget-heading\" data-id=\"80225f8\" data-element_type=\"widget\" data-e-type=\"widget\" data-widget_type=\"heading.default\">\n\t\t\t\t<div class=\"elementor-widget-container\">\n\t\t\t\t\t<h2 class=\"elementor-heading-title elementor-size-default\">Cala Mondrag\u00f2: las caracter\u00edsticas<\/h2>\t\t\t\t<\/div>\n\t\t\t\t<\/div>\n\t\t\t\t<div class=\"elementor-element elementor-element-28ae870 elementor-widget elementor-widget-text-editor\" data-id=\"28ae870\" data-element_type=\"widget\" data-e-type=\"widget\" data-widget_type=\"text-editor.default\">\n\t\t\t\t<div class=\"elementor-widget-container\">\n\t\t\t\t\t\t\t\t\t<p>Cuando algunos amigos vienen a visitarnos a Mallorca y preguntan d\u00f3nde ir a la playa, <strong>Cala Mondrag\u00f2<\/strong> es siempre una de las primeras respuestas. Es <a href=\"https:\/\/www.viveremaiorca.com\/es\/que-ver\/playas\/\"><strong>una playa mallorquina<\/strong><\/a> casi caribe\u00f1a situada en la costa este de la isla, no lejos de Cala des Moro y a una hora en coche de Palma. <strong>Bandera azul,<\/strong>\u00a0dunas de arena y un inmenso pinar alrededor: cada vez que pasas por Mondrag\u00f2 te sientes un poco en el para\u00edso.<\/p><p>Lo que la caracteriza es el entorno natural en el que se encuentra: el <strong>Parque Natural de Mondrag\u00f2.<\/strong>\u00a0Una zona virgen y protegida, un mosaico de diferentes ambientes, con muchos caminos inmersos en un vasto bosque de pinos que conducen a varias calas con vistas a un mar tranquilo y claro.<\/p><p>Toda la zona se conoce como \u00abMondrag\u00f2\u00bb o \u00abCala Mondrag\u00f2\u00bb. De hecho, para ser precisos, la zona se divide en dos calas distintas: Cala S&#8217;Amarador y Font de n&#8217;Alis.<\/p><ul><li><strong>Cala S&#8217;Amarador:<\/strong>\u00a0es la m\u00e1s grande de las dos, con unos 150 metros de largo y 50 de ancho, por lo que, a pesar de ser una de las playas m\u00e1s concurridas de Mallorca, siempre se puede encontrar un rinc\u00f3n libre sin mucho problema. T\u00fambate y rel\u00e1jate: frente a ti est\u00e1 el mar, abierto pero estrecho entre dos paredes rocosas. Detr\u00e1s de ti, el bosque de pinos, inmenso. Y eso no es todo: desde aqu\u00ed toda una serie de <strong>caminos se adentran en el parque natural. <\/strong>Justo en medio de la playa hay un chiringuito que vende (no precisamente barato) fruta fresca y refrescantes c\u00f3cteles;<\/li><li><strong>Font de n&#8217;Alis:<\/strong>\u00a0tambi\u00e9n conocida como Cala Mondrag\u00f2, est\u00e1 unida a Cala S&#8217;Amarador por un camino de tierra que bordea el acantilado. En teor\u00eda, un paseo de cinco minutos te lleva de una cala a otra, pero seguro que te llevar\u00e1 m\u00e1s tiempo: \u00a1es imposible no pararse a hacer unas cuantas fotos! En la playa, m\u00e1s estrecha que la de Cala S&#8217;Amarador, hay <strong>dos restaurantes<\/strong> y dos bares, donde podr\u00e1s refrescarte con un aperitivo o unas tapas de cocina t\u00edpica mallorquina.<\/li><\/ul><p>Toda la zona est\u00e1 muy concurrida durante los meses de verano. Perfecta para familias con ni\u00f1os, tanto porque el fondo marino se inclina lentamente como porque la playa est\u00e1 dotada de un <strong>servicio de socorrismo.<\/strong>\u00a0La bandera azul, en este sentido, es una garant\u00eda de que estamos en una de las playas m\u00e1s bonitas de la isla.<\/p><p><em><img decoding=\"async\" class=\"emoji\" role=\"img\" draggable=\"false\" src=\"https:\/\/s.w.org\/images\/core\/emoji\/13.1.0\/svg\/1f449.svg\" alt=\"\ud83d\udc49\" \/>\u00a0La zona del Parque Natural de Mondrag\u00f3 es perfecta para hacer una excursi\u00f3n en barco. \u00a1Descubrela ya en la secci\u00f3n <a href=\"https:\/\/www.viveremaiorca.com\/es\/producto\/excursion-en-barco-a-cala-des-moro-cala-marmols-y-cala-mondrago\/\"><strong>Barcos!<\/strong><\/a><\/em><\/p>\t\t\t\t\t\t\t\t<\/div>\n\t\t\t\t<\/div>\n\t\t\t\t<div class=\"elementor-element elementor-element-848a707 elementor-widget elementor-widget-heading\" data-id=\"848a707\" data-element_type=\"widget\" data-e-type=\"widget\" data-widget_type=\"heading.default\">\n\t\t\t\t<div class=\"elementor-widget-container\">\n\t\t\t\t\t<h2 class=\"elementor-heading-title elementor-size-default\">C\u00f3mo llegar a Cala Mondrag\u00f2<\/h2>\t\t\t\t<\/div>\n\t\t\t\t<\/div>\n\t\t\t\t<div class=\"elementor-element elementor-element-26eed68 elementor-widget elementor-widget-html\" data-id=\"26eed68\" data-element_type=\"widget\" data-e-type=\"widget\" data-widget_type=\"html.default\">\n\t\t\t\t<div class=\"elementor-widget-container\">\n\t\t\t\t\t<iframe src=\"https:\/\/www.google.com\/maps\/d\/embed?mid=1skH9aJjmvQeeXcBXJBsMTY7pvKMLnGlP&ehbc=2E312F\" width=\"640\" height=\"480\"><\/iframe>\t\t\t\t<\/div>\n\t\t\t\t<\/div>\n\t\t\t\t<div class=\"elementor-element elementor-element-3e5b9af elementor-widget elementor-widget-text-editor\" data-id=\"3e5b9af\" data-element_type=\"widget\" data-e-type=\"widget\" data-widget_type=\"text-editor.default\">\n\t\t\t\t<div class=\"elementor-widget-container\">\n\t\t\t\t\t\t\t\t\t<p>Se encuentra a 10 kil\u00f3metros del pueblo de Santany\u00ec y del complejo tur\u00edstico de <strong><a href=\"https:\/\/www.viveremaiorca.com\/es\/donde-alojarse\/cala-dor-2\/\">Cala d&#8217;Or.<\/a><\/strong>\u00a0Aunque es una zona protegida, puedes <strong><a href=\"https:\/\/www.viveremaiorca.com\/es\/alquiler-de-coches\/\">alquilar un coche en Palma de Mallorca<\/a><\/strong>\u00a0y <strong>llegar a ella f\u00e1cilmente.<\/strong>\u00a0Hay dos aparcamientos, uno para cada una de las dos playas, por los que <strong>hay que pagar,<\/strong>\u00a0pero con un precio justo para todo el d\u00eda.<\/p><p>El coche es sin duda la mejor manera de moverse por Mallorca, pero <strong>s\u00f3lo durante los meses de verano<\/strong> tambi\u00e9n se puede llegar a Cala Mondrag\u00f3 en autob\u00fas, con el <strong>n\u00ba<\/strong> <strong>521<\/strong> Tib que conecta la playa con Cala d&#8217;Or <strong><a id=\"loggerlink_33813628\" href=\"https:\/\/www.tib.org\/es\/web\/ctm\/lineas-y-horarios\" data-cmp-ab=\"2\">(puedes encontrar los horarios aqu\u00ed)<\/a><\/strong>. Puedes comprar tu billete directamente a bordo (pagando en efectivo directamente al conductor o utilizando una tarjeta de d\u00e9bito\/cr\u00e9dito), o en el sitio web de TIB.<\/p>\t\t\t\t\t\t\t\t<\/div>\n\t\t\t\t<\/div>\n\t\t\t\t<div class=\"elementor-element elementor-element-92409f9 elementor-widget elementor-widget-heading\" data-id=\"92409f9\" data-element_type=\"widget\" data-e-type=\"widget\" data-widget_type=\"heading.default\">\n\t\t\t\t<div class=\"elementor-widget-container\">\n\t\t\t\t\t<h2 class=\"elementor-heading-title elementor-size-default\">Alojarse en Cala Mondrag\u00f3<\/h2>\t\t\t\t<\/div>\n\t\t\t\t<\/div>\n\t\t\t\t<div class=\"elementor-element elementor-element-bb72955 elementor-widget elementor-widget-text-editor\" data-id=\"bb72955\" data-element_type=\"widget\" data-e-type=\"widget\" data-widget_type=\"text-editor.default\">\n\t\t\t\t<div class=\"elementor-widget-container\">\n\t\t\t\t\t\t\t\t\t<p>Mondrag\u00f3 es un <strong>Parque Natural protegido,<\/strong>\u00a0por lo que no hay hoteles ni alojamientos cerca de las playas.<\/p><p>Sin embargo, desplaz\u00e1ndote unos pocos kil\u00f3metros, encontrar\u00e1s algunas de las <strong><a href=\"https:\/\/www.viveremaiorca.com\/es\/donde-alojarse\/\">zonas m\u00e1s interesantes para alojarte en Mallorca.<\/a><\/strong><\/p><p>Alojarte en esta zona, el sureste de la isla, es una opci\u00f3n ganadora si tu intenci\u00f3n es explorar las calas m\u00e1s espectaculares de la isla. Si, por el contrario, quieres explorar toda Mallorca, esta zona estar\u00e1 un poco aislada para desplazarse.<\/p><p>Algunos de los lugares m\u00e1s interesantes para buscar alojamiento son <a href=\"https:\/\/www.viveremaiorca.com\/es\/que-ver\/cala-figuera-2\/\"><strong>Cala Figuera,<\/strong><\/a> un peque\u00f1o pueblo de pescadores, Portopetro, Santany\u00ed y, por supuesto, <a href=\"https:\/\/www.viveremaiorca.com\/es\/donde-alojarse\/cala-dor-2\/\"><strong>Cala d&#8217;Or.<\/strong><\/a><\/p>\t\t\t\t\t\t\t\t<\/div>\n\t\t\t\t<\/div>\n\t\t\t\t<div class=\"elementor-element elementor-element-41f695b elementor-arrows-yes elementor-pagination-type-bullets elementor-review--has-separator elementor--star-style-star_fontawesome elementor-widget elementor-widget-reviews\" data-id=\"41f695b\" data-element_type=\"widget\" data-e-type=\"widget\" data-settings=\"{&quot;show_arrows&quot;:&quot;yes&quot;,&quot;pagination&quot;:&quot;bullets&quot;,&quot;speed&quot;:500,&quot;autoplay&quot;:&quot;yes&quot;,&quot;autoplay_speed&quot;:5000,&quot;loop&quot;:&quot;yes&quot;,&quot;pause_on_hover&quot;:&quot;yes&quot;,&quot;pause_on_interaction&quot;:&quot;yes&quot;,&quot;space_between&quot;:{&quot;unit&quot;:&quot;px&quot;,&quot;size&quot;:10,&quot;sizes&quot;:[]},&quot;space_between_tablet&quot;:{&quot;unit&quot;:&quot;px&quot;,&quot;size&quot;:10,&quot;sizes&quot;:[]},&quot;space_between_mobile&quot;:{&quot;unit&quot;:&quot;px&quot;,&quot;size&quot;:10,&quot;sizes&quot;:[]}}\" data-widget_type=\"reviews.default\">\n\t\t\t\t<div class=\"elementor-widget-container\">\n\t\t\t\t\t\t\t\t\t<div class=\"elementor-swiper\">\n\t\t\t\t\t<div class=\"elementor-main-swiper swiper\" role=\"region\" aria-roledescription=\"carousel\" aria-label=\"Slides\">\n\t\t\t\t<div class=\"swiper-wrapper\">\n\t\t\t\t\t\t\t\t\t\t\t<div class=\"swiper-slide\" role=\"group\" aria-roledescription=\"slide\">\n\t\t\t\t\t\t\t\t\t<div class=\"elementor-testimonial elementor-repeater-item-c3c25f4\">\n\t\t\t\t\t\t\t<div class=\"elementor-testimonial__header\">\n\t\t\t\t\t\t\t\t\t\t\t<div class=\"elementor-testimonial__image\">\n\t\t\t\t\t\t\t<img decoding=\"async\" src=\"https:\/\/www.viveremaiorca.com\/wp-content\/uploads\/spiaggia-cala-mesquida-mallorca-scaled.jpg\" alt=\"Vivere Maiorca\">\n\t\t\t\t\t\t\t\t\t\t\t\t\t<\/div>\n\t\t\t\t\t\t\t\t\t\t<cite class=\"elementor-testimonial__cite\"><span class=\"elementor-testimonial__name\">Vivere Maiorca<\/span><span class=\"elementor-testimonial__title\">recomienda...<\/span><\/cite>\t\t\t\t\t<div class=\"elementor-testimonial__icon elementor-icon elementor-icon-rss\" aria-label=\"Leer m\u00e1s\"><i aria-hidden=\"true\" class=\"fas fa-rss\"><\/i><\/div>\t\t\t\t<\/div>\n\t\t\t\t\t\t\t\t\t\t<div class=\"elementor-testimonial__content\">\n\t\t\t\t\t<div class=\"elementor-testimonial__text\">\n\t\t\t\t\t\t\ud83d\udc49\n<a href=\"https:\/\/www.booking.com\/searchresults.es.html?city=900039545&aid=1753026&no_rooms=1&group_adults=2\"> Mejores alojamientos en Cala d'Or<\/a><br>\n\ud83d\udc49 <a href=\"https:\/\/www.booking.com\/searchresults.es.html?city=-401956&aid=1753026&no_rooms=1&group_adults=2\">Mejores alojamientos en Santany\u00ed<\/a>\n<br>\n\ud83d\udc49 <a href=\"https:\/\/www.booking.com\/searchresults.es.html?city=-397280&aid=1753026&no_rooms=1&group_adults=2\">Mejores alojamientos en Portopetro<\/a>\n<br>\ud83d\udc49 <a href=\"https:\/\/www.booking.com\/searchresults.es.html?city=-374953&aid=1753026&no_rooms=1&group_adults=2\">Mejores alojamientos en Cala Figuera<\/a>\t\t\t\t\t<\/div>\n\t\t\t\t<\/div>\n\t\t\t\t\t<\/div>\n\t\t\t\t\t\t\t\t<\/div>\n\t\t\t\t\t\t\t\t\t<\/div>\n\t\t\t\t\t\t\t<\/div>\n\t\t\t\t<\/div>\n\t\t\t\t\t\t\t\t<\/div>\n\t\t\t\t<\/div>\n\t\t\t\t\t<\/div>\n\t\t<\/div>\n\t\t\t\t\t<\/div>\n\t\t<\/section>\n\t\t\t\t<\/div>\n\t\t","protected":false},"excerpt":{"rendered":"<p>En este art\u00edculo te hablamos de una de las playas m\u00e1s bonitas de Mallorca. Estamos en el lado sureste de la isla, no lejos de Cala des Moro,\u00a0Es Trenc y\u00a0Cala [&hellip;]<\/p>\n","protected":false},"author":1,"featured_media":9119,"comment_status":"open","ping_status":"closed","sticky":false,"template":"","format":"standard","meta":{"_monsterinsights_skip_tracking":false,"_price":"","_stock":"","_tribe_ticket_header":"","_tribe_default_ticket_provider":"","_tribe_ticket_capacity":"0","_ticket_start_date":"","_ticket_end_date":"","_tribe_ticket_show_description":"","_tribe_ticket_show_not_going":false,"_tribe_ticket_use_global_stock":"","_tribe_ticket_global_stock_level":"","_global_stock_mode":"","_global_stock_cap":"","_tribe_rsvp_for_event":"","_tribe_ticket_going_count":"","_tribe_ticket_not_going_count":"","_tribe_tickets_list":"[]","_tribe_ticket_has_attendee_info_fields":false,"footnotes":"","_tec_slr_enabled":"","_tec_slr_layout":""},"categories":[326],"tags":[],"class_list":["post-23853","post","type-post","status-publish","format-standard","has-post-thumbnail","hentry","category-playas"],"ticketed":false,"_links":{"self":[{"href":"https:\/\/www.viveremaiorca.com\/es\/wp-json\/wp\/v2\/posts\/23853","targetHints":{"allow":["GET"]}}],"collection":[{"href":"https:\/\/www.viveremaiorca.com\/es\/wp-json\/wp\/v2\/posts"}],"about":[{"href":"https:\/\/www.viveremaiorca.com\/es\/wp-json\/wp\/v2\/types\/post"}],"author":[{"embeddable":true,"href":"https:\/\/www.viveremaiorca.com\/es\/wp-json\/wp\/v2\/users\/1"}],"replies":[{"embeddable":true,"href":"https:\/\/www.viveremaiorca.com\/es\/wp-json\/wp\/v2\/comments?post=23853"}],"version-history":[{"count":0,"href":"https:\/\/www.viveremaiorca.com\/es\/wp-json\/wp\/v2\/posts\/23853\/revisions"}],"wp:featuredmedia":[{"embeddable":true,"href":"https:\/\/www.viveremaiorca.com\/es\/wp-json\/wp\/v2\/media\/9119"}],"wp:attachment":[{"href":"https:\/\/www.viveremaiorca.com\/es\/wp-json\/wp\/v2\/media?parent=23853"}],"wp:term":[{"taxonomy":"category","embeddable":true,"href":"https:\/\/www.viveremaiorca.com\/es\/wp-json\/wp\/v2\/categories?post=23853"},{"taxonomy":"post_tag","embeddable":true,"href":"https:\/\/www.viveremaiorca.com\/es\/wp-json\/wp\/v2\/tags?post=23853"}],"curies":[{"name":"wp","href":"https:\/\/api.w.org\/{rel}","templated":true}]}}