{"id":27142,"date":"2022-02-24T08:52:44","date_gmt":"2022-02-24T07:52:44","guid":{"rendered":"https:\/\/www.staging3.viveremaiorca.com\/?p=27142"},"modified":"2026-04-10T18:12:27","modified_gmt":"2026-04-10T16:12:27","slug":"cala-ratjada-2","status":"publish","type":"post","link":"https:\/\/www.viveremaiorca.com\/es\/donde-alojarse\/cala-ratjada-2\/","title":{"rendered":"Cala Ratjada"},"content":{"rendered":"\t\t<div data-elementor-type=\"wp-post\" data-elementor-id=\"27142\" class=\"elementor elementor-27142 elementor-1369\" data-elementor-post-type=\"post\">\n\t\t\t\t\t\t<section class=\"elementor-section elementor-top-section elementor-element elementor-element-5622f387 elementor-section-boxed elementor-section-height-default elementor-section-height-default\" data-id=\"5622f387\" data-element_type=\"section\" data-e-type=\"section\">\n\t\t\t\t\t\t<div class=\"elementor-container elementor-column-gap-no\">\n\t\t\t\t\t<div class=\"elementor-column elementor-col-100 elementor-top-column elementor-element elementor-element-565e5253\" data-id=\"565e5253\" data-element_type=\"column\" data-e-type=\"column\">\n\t\t\t<div class=\"elementor-widget-wrap elementor-element-populated\">\n\t\t\t\t\t\t<div class=\"elementor-element elementor-element-0c82892 elementor-widget elementor-widget-text-editor\" data-id=\"0c82892\" data-element_type=\"widget\" data-e-type=\"widget\" data-widget_type=\"text-editor.default\">\n\t\t\t\t<div class=\"elementor-widget-container\">\n\t\t\t\t\t\t\t\t\t<p>Cala Ratjada forma parte del municipio de <a href=\"https:\/\/www.viveremaiorca.com\/es\/que-ver\/mejores-pueblos\/capdepera\/\"><strong>Capdepera<\/strong> <\/a>y es una de las zonas tur\u00edsticas m\u00e1s populares de Mallorca. Playas, vida nocturna, hoteles junto al mar y una ubicaci\u00f3n privilegiada son los puntos fuertes de lo que, antes de convertirse <strong>en destino favorito del turismo familiar,<\/strong>\u00a0era un bullicioso pueblo pesquero.<\/p><p>Cala Ratjada se disputa, junto con <a href=\"https:\/\/www.viveremaiorca.com\/es\/que-ver\/cap-de-formentor-2\/\"><strong>Cap de Formentor,<\/strong><\/a>\u00a0el t\u00edtulo de \u00abpunto de la isla m\u00e1s cercano a Menorca\u00bb. Metro m\u00e1s o metro menos. Lo cierto es que, en un d\u00eda despejado, <strong>la silueta de Menorca y Ciutadela puede verse f\u00e1cilmente desde las playas de Cala Ratjada.<\/strong><\/p>\t\t\t\t\t\t\t\t<\/div>\n\t\t\t\t<\/div>\n\t\t\t\t<div class=\"elementor-element elementor-element-a57ba77 elementor-widget elementor-widget-video\" data-id=\"a57ba77\" data-element_type=\"widget\" data-e-type=\"widget\" data-settings=\"{&quot;youtube_url&quot;:&quot;https:\\\/\\\/www.youtube.com\\\/watch?v=2PIEf-kYFow&quot;,&quot;video_type&quot;:&quot;youtube&quot;,&quot;controls&quot;:&quot;yes&quot;}\" data-widget_type=\"video.default\">\n\t\t\t\t<div class=\"elementor-widget-container\">\n\t\t\t\t\t\t\t<div class=\"elementor-wrapper elementor-open-inline\">\n\t\t\t<div class=\"elementor-video\"><\/div>\t\t<\/div>\n\t\t\t\t\t\t<\/div>\n\t\t\t\t<\/div>\n\t\t\t\t<div class=\"elementor-element elementor-element-9e575ed elementor-widget elementor-widget-text-editor\" data-id=\"9e575ed\" data-element_type=\"widget\" data-e-type=\"widget\" data-widget_type=\"text-editor.default\">\n\t\t\t\t<div class=\"elementor-widget-container\">\n\t\t\t\t\t\t\t\t\t<p>En este art\u00edculo te contaremos un poco sobre Cala Ratjada, por qu\u00e9 es un destino tan popular entre los turistas (principalmente alemanes). Veremos las playas que hay que ver en los alrededores de Cala Ratjada, en la costa este mallorquina, hoteles y cosas que ver.<\/p><p>En definitiva, <strong>una completa gu\u00eda sobre qu\u00e9 hacer y qu\u00e9 ver<\/strong> en esta localidad que, sin duda, tiene sus encantos, y que te ayudar\u00e1 a decidir si alojarte o no en Cala Rajada en tu viaje a Mallorca.<\/p><p>Bueno, \u00bfempezamos?<\/p>\t\t\t\t\t\t\t\t<\/div>\n\t\t\t\t<\/div>\n\t\t\t\t<div class=\"elementor-element elementor-element-ebdb54a elementor-cta--layout-image-left elementor-cta--skin-classic elementor-animated-content elementor-bg-transform elementor-bg-transform-zoom-in elementor-widget elementor-widget-call-to-action\" data-id=\"ebdb54a\" data-element_type=\"widget\" data-e-type=\"widget\" data-widget_type=\"call-to-action.default\">\n\t\t\t\t<div class=\"elementor-widget-container\">\n\t\t\t\t\t\t\t<div class=\"elementor-cta\">\n\t\t\t\t\t<div class=\"elementor-cta__bg-wrapper\">\n\t\t\t\t<div class=\"elementor-cta__bg elementor-bg\" style=\"background-image: url(https:\/\/www.viveremaiorca.com\/wp-content\/uploads\/GOPR3385-min-834x1080.jpg);\" role=\"img\" aria-label=\"Cala varques maiorca\"><\/div>\n\t\t\t\t<div class=\"elementor-cta__bg-overlay\"><\/div>\n\t\t\t<\/div>\n\t\t\t\t\t\t\t<div class=\"elementor-cta__content\">\n\t\t\t\t\n\t\t\t\t\n\t\t\t\t\t\t\t\t\t<div class=\"elementor-cta__description elementor-cta__content-item elementor-content-item\">\n\t\t\t\t\t\tNuestro servicio <b>Itinerario a Medida<\/b> tambi\u00e9n incluye ayuda espec\u00edfica y personalizada para la elecci\u00f3n del alojamiento. Si quieres que te aconsejemos d\u00f3nde alojarte seg\u00fan tus necesidades, solicita el Itinerario: \u00a1la primera consulta es 100% gratuita!\t\t\t\t\t<\/div>\n\t\t\t\t\n\t\t\t\t\t\t\t\t\t<div class=\"elementor-cta__button-wrapper elementor-cta__content-item elementor-content-item \">\n\t\t\t\t\t<a class=\"elementor-cta__button elementor-button elementor-size-\" href=\"https:\/\/www.viveremaiorca.com\/es\/su-viaje-a-mallorca-a-medida\/\">\n\t\t\t\t\t\tQuiero un Itinerario a Medida\t\t\t\t\t<\/a>\n\t\t\t\t\t<\/div>\n\t\t\t\t\t\t\t<\/div>\n\t\t\t\t\t\t<\/div>\n\t\t\t\t\t\t<\/div>\n\t\t\t\t<\/div>\n\t\t\t\t<div class=\"elementor-element elementor-element-fdd97fa elementor-toc--minimized-on-tablet elementor-widget elementor-widget-table-of-contents\" data-id=\"fdd97fa\" data-element_type=\"widget\" data-e-type=\"widget\" data-settings=\"{&quot;exclude_headings_by_selector&quot;:[],&quot;marker_view&quot;:&quot;bullets&quot;,&quot;icon&quot;:{&quot;value&quot;:&quot;&quot;,&quot;library&quot;:&quot;&quot;},&quot;no_headings_message&quot;:&quot;Non sono state trovate intestazioni in questa pagina.&quot;,&quot;headings_by_tags&quot;:[&quot;h2&quot;,&quot;h3&quot;,&quot;h4&quot;,&quot;h5&quot;,&quot;h6&quot;],&quot;minimize_box&quot;:&quot;yes&quot;,&quot;minimized_on&quot;:&quot;tablet&quot;,&quot;hierarchical_view&quot;:&quot;yes&quot;,&quot;min_height&quot;:{&quot;unit&quot;:&quot;px&quot;,&quot;size&quot;:&quot;&quot;,&quot;sizes&quot;:[]},&quot;min_height_tablet&quot;:{&quot;unit&quot;:&quot;px&quot;,&quot;size&quot;:&quot;&quot;,&quot;sizes&quot;:[]},&quot;min_height_mobile&quot;:{&quot;unit&quot;:&quot;px&quot;,&quot;size&quot;:&quot;&quot;,&quot;sizes&quot;:[]}}\" data-widget_type=\"table-of-contents.default\">\n\t\t\t\t<div class=\"elementor-widget-container\">\n\t\t\t\t\t\t\t\t\t<div class=\"elementor-toc__header\">\n\t\t\t\t\t\t<h4 class=\"elementor-toc__header-title\">\n\t\t\t\t\u00cdndice art\u00edculo\t\t\t<\/h4>\n\t\t\t\t\t\t\t\t\t\t<div class=\"elementor-toc__toggle-button elementor-toc__toggle-button--expand\" role=\"button\" tabindex=\"0\" aria-controls=\"elementor-toc__fdd97fa\" aria-expanded=\"true\" aria-label=\"Abrir la tabla de contenidos\"><i aria-hidden=\"true\" class=\"fas fa-chevron-down\"><\/i><\/div>\n\t\t\t\t<div class=\"elementor-toc__toggle-button elementor-toc__toggle-button--collapse\" role=\"button\" tabindex=\"0\" aria-controls=\"elementor-toc__fdd97fa\" aria-expanded=\"true\" aria-label=\"Cerrar la tabla de contenidos\"><i aria-hidden=\"true\" class=\"fas fa-chevron-up\"><\/i><\/div>\n\t\t\t\t\t<\/div>\n\t\t\t\t<div id=\"elementor-toc__fdd97fa\" class=\"elementor-toc__body\">\n\t\t\t<div class=\"elementor-toc__spinner-container\">\n\t\t\t\t<i class=\"elementor-toc__spinner eicon-animation-spin eicon-loading\" aria-hidden=\"true\"><\/i>\t\t\t<\/div>\n\t\t<\/div>\n\t\t\t\t\t\t<\/div>\n\t\t\t\t<\/div>\n\t\t\t\t<div class=\"elementor-element elementor-element-0d7be41 elementor-widget elementor-widget-heading\" data-id=\"0d7be41\" data-element_type=\"widget\" data-e-type=\"widget\" data-widget_type=\"heading.default\">\n\t\t\t\t<div class=\"elementor-widget-container\">\n\t\t\t\t\t<h2 class=\"elementor-heading-title elementor-size-default\">Qu\u00e9 ver en Cala Ratjada<\/h2>\t\t\t\t<\/div>\n\t\t\t\t<\/div>\n\t\t\t\t<div class=\"elementor-element elementor-element-67dfd9c elementor-widget elementor-widget-text-editor\" data-id=\"67dfd9c\" data-element_type=\"widget\" data-e-type=\"widget\" data-widget_type=\"text-editor.default\">\n\t\t\t\t<div class=\"elementor-widget-container\">\n\t\t\t\t\t\t\t\t\t<p>\u00bfQu\u00e9 hacer en Cala Ratjada, aparte de tomar el sol, merecidamente, todo el d\u00eda?<\/p><ul><li><strong>Golf en Capdepera:<\/strong> el campo de golf de la Finca Son Sastre, en plena Sierra de Llevant, es probablemente el m\u00e1s bonito de la isla y bien merece una visita incluso para los no golfistas;<\/li><li><strong>faro de Capdepera:<\/strong> el mirador perfecto para admirar Menorca en el horizonte y hacer fotos que har\u00e1n que tus seguidores en casa se mueran de envidia;<\/li><li><strong>D\u00eda del Turista:<\/strong> si te encuentras en Mallorca durante la \u00faltima semana de septiembre, las calles del centro de Cala Ratjada acogen conciertos, fiestas y espect\u00e1culos pirot\u00e9cnicos;<\/li><li><a href=\"https:\/\/www.viveremaiorca.com\/es\/que-ver\/cuevas-en-mallorca\/\"><strong>las cuevas de Mallorca:<\/strong><\/a>\u00a0no s\u00f3lo est\u00e1n las cuevas m\u00e1s famosas de Mallorca, las <a href=\"https:\/\/www.viveremaiorca.com\/es\/que-ver\/cuevas-del-drach-2\/\"><strong>Cuevas del Drach,<\/strong><\/a>\u00a0sino tambi\u00e9n las Cuevas de Art\u00e0. Se puede llegar muy f\u00e1cilmente desde Cala Ratjada.<\/li><\/ul><p>Y luego, como siempre, el consejo para quienes vienen de vacaciones a Mallorca es que <strong>no se limiten al lugar donde se alojan.<\/strong>\u00a0Esta isla es maravillosa y lo mejor de todo es que se puede recorrer sin problemas en coche.<\/p><p>As\u00ed vamos: <a href=\"https:\/\/www.viveremaiorca.com\/es\/alquiler-de-coches\/\"><strong>alquila un coche<\/strong><\/a> y conduce desde la Sierra de Tramuntana en el oeste hasta los pueblos del interior mallorqu\u00edn!<\/p>\t\t\t\t\t\t\t\t<\/div>\n\t\t\t\t<\/div>\n\t\t\t\t<div class=\"elementor-element elementor-element-45678 elementor-cta--skin-cover elementor-cta--valign-bottom elementor-animated-content elementor-widget elementor-widget-global elementor-global-45678 elementor-widget-call-to-action\" data-id=\"45678\" data-element_type=\"widget\" data-e-type=\"widget\" data-widget_type=\"call-to-action.default\">\n\t\t\t\t<div class=\"elementor-widget-container\">\n\t\t\t\t\t\t\t<a class=\"elementor-cta\" href=\"https:\/\/www.viveremaiorca.com\/es\/excursiones-a-medida\/\">\n\t\t\t\t\t<div class=\"elementor-cta__bg-wrapper\">\n\t\t\t\t<div class=\"elementor-cta__bg elementor-bg\" style=\"background-image: url(https:\/\/www.viveremaiorca.com\/wp-content\/uploads\/su-misura-2.jpg);\" role=\"img\" aria-label=\"Excursiones a medida banner\"><\/div>\n\t\t\t\t<div class=\"elementor-cta__bg-overlay\"><\/div>\n\t\t\t<\/div>\n\t\t\t\t\t\t\t<div class=\"elementor-cta__content\">\n\t\t\t\t\n\t\t\t\t\n\t\t\t\t\n\t\t\t\t\t\t\t\t\t<div class=\"elementor-cta__button-wrapper elementor-cta__content-item elementor-content-item elementor-animated-item--grow\">\n\t\t\t\t\t<span class=\"elementor-cta__button elementor-button elementor-size-lg\">\n\t\t\t\t\t\t \t\t\t\t\t<\/span>\n\t\t\t\t\t<\/div>\n\t\t\t\t\t\t\t<\/div>\n\t\t\t\t\t\t<\/a>\n\t\t\t\t\t\t<\/div>\n\t\t\t\t<\/div>\n\t\t\t\t<div class=\"elementor-element elementor-element-6b35f7b elementor-widget elementor-widget-heading\" data-id=\"6b35f7b\" data-element_type=\"widget\" data-e-type=\"widget\" data-widget_type=\"heading.default\">\n\t\t\t\t<div class=\"elementor-widget-container\">\n\t\t\t\t\t<h2 class=\"elementor-heading-title elementor-size-default\">D\u00f3nde alojarse en Cala Ratjada<\/h2>\t\t\t\t<\/div>\n\t\t\t\t<\/div>\n\t\t\t\t<div class=\"elementor-element elementor-element-218f3e6 elementor-widget elementor-widget-text-editor\" data-id=\"218f3e6\" data-element_type=\"widget\" data-e-type=\"widget\" data-widget_type=\"text-editor.default\">\n\t\t\t\t<div class=\"elementor-widget-container\">\n\t\t\t\t\t\t\t\t\t<p>En Cala Ratjada no tendr\u00e1s problemas para encontrar alojamiento: pisos vacacionales y hoteles, a menudo con animaci\u00f3n e instalaciones para ni\u00f1os.<\/p>\t\t\t\t\t\t\t\t<\/div>\n\t\t\t\t<\/div>\n\t\t\t\t<div class=\"elementor-element elementor-element-9588b6f elementor-widget elementor-widget-html\" data-id=\"9588b6f\" data-element_type=\"widget\" data-e-type=\"widget\" data-widget_type=\"html.default\">\n\t\t\t\t<div class=\"elementor-widget-container\">\n\t\t\t\t\t<script src=\"https:\/\/www.booking.com\/affiliate\/prelanding_sdk\"><\/script>\n  \n  <div id=\"bookingAffiliateWidget_8696a966-2ef2-4696-993c-3ff76f738016\">&nbsp;<\/div>\n  \n  <script>\n      (function () {\n          var BookingAffiliateWidget = new Booking.AffiliateWidget({\n  \"iframeSettings\": {\n    \"selector\": \"bookingAffiliateWidget_8696a966-2ef2-4696-993c-3ff76f738016\",\n    \"responsive\": true\n  },\n  \"widgetSettings\": {\n    \"ss\": \"Cala Ratjada, Isole Baleari, Spagna\",\n    \"latitude\": 39.7094,\n    \"longitude\": 3.4597,\n    \"zoom\": 9,\n    \"customMarkerTitle\": \"\"\n  }\n});\n      })();\n  <\/script>\t\t\t\t<\/div>\n\t\t\t\t<\/div>\n\t\t\t\t<div class=\"elementor-element elementor-element-9ceaaad elementor-arrows-yes elementor-pagination-type-bullets elementor-review--has-separator elementor--star-style-star_fontawesome elementor-widget elementor-widget-reviews\" data-id=\"9ceaaad\" data-element_type=\"widget\" data-e-type=\"widget\" data-settings=\"{&quot;show_arrows&quot;:&quot;yes&quot;,&quot;pagination&quot;:&quot;bullets&quot;,&quot;speed&quot;:500,&quot;autoplay&quot;:&quot;yes&quot;,&quot;autoplay_speed&quot;:5000,&quot;loop&quot;:&quot;yes&quot;,&quot;pause_on_hover&quot;:&quot;yes&quot;,&quot;pause_on_interaction&quot;:&quot;yes&quot;,&quot;space_between&quot;:{&quot;unit&quot;:&quot;px&quot;,&quot;size&quot;:10,&quot;sizes&quot;:[]},&quot;space_between_tablet&quot;:{&quot;unit&quot;:&quot;px&quot;,&quot;size&quot;:10,&quot;sizes&quot;:[]},&quot;space_between_mobile&quot;:{&quot;unit&quot;:&quot;px&quot;,&quot;size&quot;:10,&quot;sizes&quot;:[]}}\" data-widget_type=\"reviews.default\">\n\t\t\t\t<div class=\"elementor-widget-container\">\n\t\t\t\t\t\t\t\t\t<div class=\"elementor-swiper\">\n\t\t\t\t\t<div class=\"elementor-main-swiper swiper\" role=\"region\" aria-roledescription=\"carousel\" aria-label=\"Slides\">\n\t\t\t\t<div class=\"swiper-wrapper\">\n\t\t\t\t\t\t\t\t\t\t\t<div class=\"swiper-slide\" role=\"group\" aria-roledescription=\"slide\">\n\t\t\t\t\t\t\t\t\t<div class=\"elementor-testimonial elementor-repeater-item-c3c25f4\">\n\t\t\t\t\t\t\t<div class=\"elementor-testimonial__header\">\n\t\t\t\t\t\t\t\t\t\t\t<div class=\"elementor-testimonial__image\">\n\t\t\t\t\t\t\t<img decoding=\"async\" src=\"https:\/\/www.viveremaiorca.com\/wp-content\/uploads\/spiaggia-cala-mesquida-mallorca-scaled.jpg\" alt=\"Vivere Maiorca\">\n\t\t\t\t\t\t\t\t\t\t\t\t\t<\/div>\n\t\t\t\t\t\t\t\t\t\t<cite class=\"elementor-testimonial__cite\"><span class=\"elementor-testimonial__name\">Vivere Maiorca<\/span><span class=\"elementor-testimonial__title\">recomienda...<\/span><\/cite>\t\t\t\t\t<div class=\"elementor-testimonial__icon elementor-icon elementor-icon-rss\" aria-label=\"Leer m\u00e1s\"><i aria-hidden=\"true\" class=\"fas fa-rss\"><\/i><\/div>\t\t\t\t<\/div>\n\t\t\t\t\t\t\t\t\t\t<div class=\"elementor-testimonial__content\">\n\t\t\t\t\t<div class=\"elementor-testimonial__text\">\n\t\t\t\t\t\tEstas son las soluciones recomendadas en Cala Ratjada:<br>\n<br>\n\ud83d\udc49 <a href=\"https:\/\/www.booking.com\/hotel\/es\/na-forana.es.html?aid=1753026&no_rooms=1&group_adults=2\">Na Forana:<\/a> hotel de 4 estrellas a menos de 400 metros de la playa de Son Moll.<br>\n<br>\n\ud83d\udc49 <a href=\"https:\/\/www.booking.com\/hotel\/es\/cala-gat.es.html?aid=1753026&no_rooms=1&group_adults=2\">Hotel Cala Gat:<\/a> excelente hotel de 4 estrellas en la hermosa Cala Gat, en la carretera que lleva al faro de Capdepera.<br>\n<br>\n\ud83d\udc49 <a href=\"https:\/\/www.booking.com\/hotel\/es\/thb-guya-playa.es.html?aid=1753026&no_rooms=1&group_adults=2\">THB Guya Playa:<\/a> maravilloso hotel de 4 estrellas con vistas a la playa de Cala Agulla, con piscina y vistas panor\u00e1micas.\t\t\t\t\t<\/div>\n\t\t\t\t<\/div>\n\t\t\t\t\t<\/div>\n\t\t\t\t\t\t\t\t<\/div>\n\t\t\t\t\t\t\t\t\t<\/div>\n\t\t\t\t\t\t\t<\/div>\n\t\t\t\t<\/div>\n\t\t\t\t\t\t\t\t<\/div>\n\t\t\t\t<\/div>\n\t\t\t\t<div class=\"elementor-element elementor-element-7b834e0 elementor-widget elementor-widget-heading\" data-id=\"7b834e0\" data-element_type=\"widget\" data-e-type=\"widget\" data-widget_type=\"heading.default\">\n\t\t\t\t<div class=\"elementor-widget-container\">\n\t\t\t\t\t<h2 class=\"elementor-heading-title elementor-size-default\">C\u00f3mo llegar a Cala Ratjada<\/h2>\t\t\t\t<\/div>\n\t\t\t\t<\/div>\n\t\t\t\t<div class=\"elementor-element elementor-element-3c7f58e elementor-widget elementor-widget-html\" data-id=\"3c7f58e\" data-element_type=\"widget\" data-e-type=\"widget\" data-widget_type=\"html.default\">\n\t\t\t\t<div class=\"elementor-widget-container\">\n\t\t\t\t\t<iframe src=\"https:\/\/www.google.com\/maps\/d\/embed?mid=12gLMeQfMCtCff1N_sOHzFK8xDvkPJUVw&ehbc=2E312F\" width=\"640\" height=\"480\"><\/iframe>\t\t\t\t<\/div>\n\t\t\t\t<\/div>\n\t\t\t\t<div class=\"elementor-element elementor-element-15c53096 elementor-widget elementor-widget-text-editor\" data-id=\"15c53096\" data-element_type=\"widget\" data-e-type=\"widget\" data-widget_type=\"text-editor.default\">\n\t\t\t\t<div class=\"elementor-widget-container\">\n\t\t\t\t\t\t\t\t\t<p>Para llegar a Cala Ratjada en coche desde Palma y el aeropuerto, se tarda aproximadamente 1 horas y media. Conduce por la Ma-15 hasta <a href=\"https:\/\/www.viveremaiorca.com\/es\/donde-alojarse\/manacor-2\/\"><strong>Manacor<\/strong> <\/a>y luego sigue las indicaciones hacia <a href=\"https:\/\/www.viveremaiorca.com\/es\/que-ver\/mejores-pueblos\/capdepera\/\"><strong>Capdepera.<\/strong><\/a><\/p><p>\u00bfEn autob\u00fas? Toma la l\u00ednea <strong>A42 en aeropuerto<\/strong> y cambia en Manacor a <strong>la l\u00ednea 411.<\/strong>\u00a0Se tarda unas 2 horas, \u00a1pero se puede hacer!<\/p><p>Puedes comprar tu billete directamente a bordo (pagando en efectivo directamente al conductor o con tarjeta de d\u00e9bito\/cr\u00e9dito), o en la web de TIB, donde tambi\u00e9n encontrar\u00e1 <a href=\"https:\/\/www.tib.org\/es\/lineas-y-horarios\"><strong>los horarios.<\/strong><\/a><\/p><p>Recuerda que Cala Ratjada est\u00e1 en el extremo noreste de Mallorca y que si quieres desplazarte y explorar la isla necesitar\u00e1s <strong>alquilar un coche.<\/strong> Las conexiones de autob\u00fas, como habr\u00e1s adivinado, son muy deficientes.<\/p><p>En este enlace encontrar\u00e1s un par de soluciones convenientes para <a href=\"https:\/\/www.viveremaiorca.com\/es\/alquiler-de-coches\/\"><strong>el alquiler de coches en Mallorca,<\/strong><\/a>\u00a0\u00a1con algunos c\u00f3digos de descuento para utilizar!<\/p>\t\t\t\t\t\t\t\t<\/div>\n\t\t\t\t<\/div>\n\t\t\t\t<div class=\"elementor-element elementor-element-7462de0 elementor-widget elementor-widget-heading\" data-id=\"7462de0\" data-element_type=\"widget\" data-e-type=\"widget\" data-widget_type=\"heading.default\">\n\t\t\t\t<div class=\"elementor-widget-container\">\n\t\t\t\t\t<h2 class=\"elementor-heading-title elementor-size-default\">Playas de Cala Ratjada<\/h2>\t\t\t\t<\/div>\n\t\t\t\t<\/div>\n\t\t\t\t<div class=\"elementor-element elementor-element-ff2e184 elementor-widget elementor-widget-text-editor\" data-id=\"ff2e184\" data-element_type=\"widget\" data-e-type=\"widget\" data-widget_type=\"text-editor.default\">\n\t\t\t\t<div class=\"elementor-widget-container\">\n\t\t\t\t\t\t\t\t\t<p>Si ya ha le\u00eddo la p\u00e1gina sobre <a href=\"https:\/\/www.viveremaiorca.com\/es\/que-ver\/playas\/\"><strong>las playas de Mallorca,<\/strong><\/a>\u00a0te habr\u00e1s dado cuenta de <strong>la gran diferencia que suele haber entre las playas del norte y del sur de Mallorca.<\/strong><\/p><p>Recapitulemos: las playas del norte son generalmente <strong>largos arenales,<\/strong>\u00a0en los que la acci\u00f3n del viento ha abierto grandes playas de dunas, \u00a1como Cala Ratjada!<\/p><p>Piensa que el municipio de Capdepera <strong>cuenta con algo as\u00ed como 40 kil\u00f3metros de costa,<\/strong>\u00a0con calas y playas que casi todas tienen la Bandera Azul, el galard\u00f3n que otorga la Fundaci\u00f3n Europea de Educaci\u00f3n Ambiental, en funci\u00f3n de la limpieza y los servicios ofrecidos.<\/p><p>Las caracter\u00edsticas de las distintas playas, por tanto, hacen de Cala Ratjada <a href=\"https:\/\/www.viveremaiorca.com\/es\/que-hacer\/vacaciones-en-mallorca-con-ninos\/\"><strong>un destino ideal para ir de vacaciones con ni\u00f1os en Mallorca.<\/strong><\/a><\/p><p>Lo mejor de ir al mar en los alrededores de Cala Ratjada es la posibilidad de <strong>caminar por la costa para descubrir nuevas playas,<\/strong>\u00a0atravesando bosques y escalando peque\u00f1os relieves rocosos. <strong>\u00a1Senderismo y hermosas playas se unen<\/strong> en lo que es la esencia de Mallorca y Vivere Maiorca!<\/p><p>Vale, nombres: de las playas que recomendamos en esta zona, la m\u00e1s bonita es <strong>Cala Gat,<\/strong>\u00a0sin duda. Tambi\u00e9n merece la pena ver <a href=\"https:\/\/www.viveremaiorca.com\/es\/que-ver\/playas\/cala-mesquida-2\/\"><strong>Cala Mesquida<\/strong> <\/a>y Font de Sa Cala, a las que se puede llegar a pie con una sencilla caminata. Y luego, por supuesto, <a href=\"https:\/\/www.viveremaiorca.com\/es\/que-ver\/playas\/cala-agulla-2\/\"><strong>Cala Agulla,<\/strong><\/a>\u00a0que se puede ver en la foto de abajo.<\/p>\t\t\t\t\t\t\t\t<\/div>\n\t\t\t\t<\/div>\n\t\t\t\t<div class=\"elementor-element elementor-element-4dbbf03 elementor-widget elementor-widget-image\" data-id=\"4dbbf03\" data-element_type=\"widget\" data-e-type=\"widget\" data-widget_type=\"image.default\">\n\t\t\t\t<div class=\"elementor-widget-container\">\n\t\t\t\t\t\t\t\t\t\t\t\t<figure class=\"wp-caption\">\n\t\t\t\t\t\t\t\t\t\t\t<a href=\"https:\/\/www.viveremaiorca.com\/wp-content\/uploads\/cala-ratjada-cala-agulla-spiaggia-maiorca-scaled.jpg\" data-elementor-open-lightbox=\"yes\" data-elementor-lightbox-title=\"Cala Ratjada Maiorca\" data-e-action-hash=\"#elementor-action%3Aaction%3Dlightbox%26settings%3DeyJpZCI6NDI2MDgsInVybCI6Imh0dHBzOlwvXC93d3cudml2ZXJlbWFpb3JjYS5jb21cL3dwLWNvbnRlbnRcL3VwbG9hZHNcL2NhbGEtcmF0amFkYS1jYWxhLWFndWxsYS1zcGlhZ2dpYS1tYWlvcmNhLXNjYWxlZC5qcGcifQ%3D%3D\">\n\t\t\t\t\t\t\t<img fetchpriority=\"high\" decoding=\"async\" width=\"1536\" height=\"1024\" src=\"https:\/\/www.viveremaiorca.com\/wp-content\/uploads\/cala-ratjada-cala-agulla-spiaggia-maiorca-1536x1024.jpg\" class=\"attachment-1536x1536 size-1536x1536 wp-image-42608\" alt=\"\" srcset=\"https:\/\/www.viveremaiorca.com\/wp-content\/uploads\/cala-ratjada-cala-agulla-spiaggia-maiorca-1536x1024.jpg 1536w, https:\/\/www.viveremaiorca.com\/wp-content\/uploads\/cala-ratjada-cala-agulla-spiaggia-maiorca-scaled-600x400.jpg 600w, https:\/\/www.viveremaiorca.com\/wp-content\/uploads\/cala-ratjada-cala-agulla-spiaggia-maiorca-300x200.jpg 300w, https:\/\/www.viveremaiorca.com\/wp-content\/uploads\/cala-ratjada-cala-agulla-spiaggia-maiorca-1620x1080.jpg 1620w, https:\/\/www.viveremaiorca.com\/wp-content\/uploads\/cala-ratjada-cala-agulla-spiaggia-maiorca-768x512.jpg 768w, https:\/\/www.viveremaiorca.com\/wp-content\/uploads\/cala-ratjada-cala-agulla-spiaggia-maiorca-2048x1365.jpg 2048w, https:\/\/www.viveremaiorca.com\/wp-content\/uploads\/cala-ratjada-cala-agulla-spiaggia-maiorca-scaled.jpg 1920w\" sizes=\"(max-width: 1536px) 100vw, 1536px\" \/>\t\t\t\t\t\t\t\t<\/a>\n\t\t\t\t\t\t\t\t\t\t\t<figcaption class=\"widget-image-caption wp-caption-text\">Cala Agulla, 500 metros de arena blanca<\/figcaption>\n\t\t\t\t\t\t\t\t\t\t<\/figure>\n\t\t\t\t\t\t\t\t\t<\/div>\n\t\t\t\t<\/div>\n\t\t\t\t<div class=\"elementor-element elementor-element-9f4192e elementor-widget elementor-widget-heading\" data-id=\"9f4192e\" data-element_type=\"widget\" data-e-type=\"widget\" data-widget_type=\"heading.default\">\n\t\t\t\t<div class=\"elementor-widget-container\">\n\t\t\t\t\t<h2 class=\"elementor-heading-title elementor-size-default\">Vida nocturna en Cala Ratjada<\/h2>\t\t\t\t<\/div>\n\t\t\t\t<\/div>\n\t\t\t\t<div class=\"elementor-element elementor-element-8097227 elementor-widget elementor-widget-text-editor\" data-id=\"8097227\" data-element_type=\"widget\" data-e-type=\"widget\" data-widget_type=\"text-editor.default\">\n\t\t\t\t<div class=\"elementor-widget-container\">\n\t\t\t\t\t\t\t\t\t<p>Cala Ratjada es principalmente <strong>un destino de turismo familiar.<\/strong>\u00a0Por eso, te aclaramos, si buscas fiesta y vida nocturna, es mejor que elijas otros lugares de Mallorca, como <a href=\"https:\/\/www.viveremaiorca.com\/es\/donde-alojarse\/magaluf-2\/\"><strong>Magaluf<\/strong> <\/a>o, por qu\u00e9 no, <a href=\"https:\/\/www.viveremaiorca.com\/es\/donde-alojarse\/alcudia-2\/\"><strong>Alcudia.<\/strong><\/a><\/p><p>La \u00fanica discoteca de verdad en Cala Ratjada es el <strong>Bolero,<\/strong>\u00a0un local hist\u00f3rico de la movida mallorquina. Se encuentra en la calle Leonor Servera 36 y pincha principalmente m\u00fasica electr\u00f3nica y deep house.<\/p><p>Sin embargo, lo que queda del antiguo pueblo de Cala Ratjada es muy bonito y hay varios restaurantes y discotecas donde pasar una velada tranquila.<\/p><p>Uno de los restaurantes m\u00e1s famosos de Mallorca, el primero de la isla en <strong>recibir una estrella Michelin,<\/strong>\u00a0se encuentra en Cala Ratjada: el <strong>Restaurante Ses Rotges.<\/strong> Alta cocina, inspirada en la cocina tradicional mallorquina y francesa.<\/p><p>Y luego, para tomar una copa y relajarse por la noche, hay varios bares, tanto en el centro como cerca de la playa. Otro consejo: ya que est\u00e1s all\u00ed, no te pierdas una visita nocturna al <a href=\"https:\/\/www.viveremaiorca.com\/es\/que-ver\/mejores-pueblos\/arta-2\/\"><strong>pueblo de Arta.<\/strong><\/a><\/p><p><em><img decoding=\"async\" class=\"emoji\" role=\"img\" draggable=\"false\" src=\"https:\/\/s.w.org\/images\/core\/emoji\/13.1.0\/svg\/1f449.svg\" alt=\"\ud83d\udc49\" \/> Completa tu viaje saboreando la aut\u00e9ntica gastronom\u00eda de la isla gracias a nuestra <strong><a id=\"loggerlink_26214378\" href=\"https:\/\/www.viveremaiorca.com\/es\/guia-restaurantes-tipicos-de-mallorca\/\" target=\"_blank\" rel=\"noopener noreferrer\" data-cmp-ab=\"2\">\u00a1Gu\u00eda de 51 restaurantes t\u00edpicos de Mallorca!<\/a><\/strong><\/em><\/p>\t\t\t\t\t\t\t\t<\/div>\n\t\t\t\t<\/div>\n\t\t\t\t<div class=\"elementor-element elementor-element-d5e6d05 elementor-widget elementor-widget-heading\" data-id=\"d5e6d05\" data-element_type=\"widget\" data-e-type=\"widget\" data-widget_type=\"heading.default\">\n\t\t\t\t<div class=\"elementor-widget-container\">\n\t\t\t\t\t<h2 class=\"elementor-heading-title elementor-size-default\">Alojarse en Cala Ratjada: pros y contras<\/h2>\t\t\t\t<\/div>\n\t\t\t\t<\/div>\n\t\t\t\t<div class=\"elementor-element elementor-element-3f317c4 elementor-widget elementor-widget-text-editor\" data-id=\"3f317c4\" data-element_type=\"widget\" data-e-type=\"widget\" data-widget_type=\"text-editor.default\">\n\t\t\t\t<div class=\"elementor-widget-container\">\n\t\t\t\t\t\t\t\t\t<p>P\u00e1rrafo final, pros y contras de alojarse en Cala Ratjada.<\/p><p>El Parque Natural de Levante es una de las zonas de mayor belleza natural de Mallorca. Entre dunas, monta\u00f1as, playas y posibilidades para todo tipo de paseos y excursiones, nunca te aburrir\u00e1a en esta zona.<\/p><p>Adem\u00e1s, <strong>Cala Ratjada<\/strong> es una urbanizaci\u00f3n tranquila y bien equipada con una enorme variedad de opciones de alojamiento.<\/p><p>Pasemos a los contras, los aspectos negativos. Principalmente, <strong>la ubicaci\u00f3n.<\/strong><\/p><p>Si te quieres recorrer la isla a lo largo y ancho, Cala Ratjada, enclavada all\u00ed, en el extremo nororiental de la isla, es una soluci\u00f3n inc\u00f3moda, que te obligar\u00e1 a largos desplazamientos en coche.<\/p><p>Conf\u00eda en nosotros, pues, para un asesoramiento personalizado basado en tu situaci\u00f3n y en el tipo de viaje que tienes en mente. <a href=\"https:\/\/www.viveremaiorca.com\/es\/su-viaje-a-mallorca-a-medida\/\"><strong>\u00a1Solicita tu Itinerario a Medida!<\/strong><\/a><\/p>\t\t\t\t\t\t\t\t<\/div>\n\t\t\t\t<\/div>\n\t\t\t\t\t<\/div>\n\t\t<\/div>\n\t\t\t\t\t<\/div>\n\t\t<\/section>\n\t\t\t\t<\/div>\n\t\t","protected":false},"excerpt":{"rendered":"<p>Cala Ratjada forma parte del municipio de Capdepera y es una de las zonas tur\u00edsticas m\u00e1s populares de Mallorca. Playas, vida nocturna, hoteles junto al mar y una ubicaci\u00f3n privilegiada [&hellip;]<\/p>\n","protected":false},"author":1,"featured_media":7901,"comment_status":"open","ping_status":"closed","sticky":false,"template":"","format":"standard","meta":{"_monsterinsights_skip_tracking":false,"_price":"","_stock":"","_tribe_ticket_header":"","_tribe_default_ticket_provider":"","_tribe_ticket_capacity":"0","_ticket_start_date":"","_ticket_end_date":"","_tribe_ticket_show_description":"","_tribe_ticket_show_not_going":false,"_tribe_ticket_use_global_stock":"","_tribe_ticket_global_stock_level":"","_global_stock_mode":"","_global_stock_cap":"","_tribe_rsvp_for_event":"","_tribe_ticket_going_count":"","_tribe_ticket_not_going_count":"","_tribe_tickets_list":"[]","_tribe_ticket_has_attendee_info_fields":false,"footnotes":"","_tec_slr_enabled":"","_tec_slr_layout":""},"categories":[340,46],"tags":[],"class_list":["post-27142","post","type-post","status-publish","format-standard","has-post-thumbnail","hentry","category-donde-alojarse","category-dove-alloggiare"],"ticketed":false,"_links":{"self":[{"href":"https:\/\/www.viveremaiorca.com\/es\/wp-json\/wp\/v2\/posts\/27142","targetHints":{"allow":["GET"]}}],"collection":[{"href":"https:\/\/www.viveremaiorca.com\/es\/wp-json\/wp\/v2\/posts"}],"about":[{"href":"https:\/\/www.viveremaiorca.com\/es\/wp-json\/wp\/v2\/types\/post"}],"author":[{"embeddable":true,"href":"https:\/\/www.viveremaiorca.com\/es\/wp-json\/wp\/v2\/users\/1"}],"replies":[{"embeddable":true,"href":"https:\/\/www.viveremaiorca.com\/es\/wp-json\/wp\/v2\/comments?post=27142"}],"version-history":[{"count":0,"href":"https:\/\/www.viveremaiorca.com\/es\/wp-json\/wp\/v2\/posts\/27142\/revisions"}],"wp:featuredmedia":[{"embeddable":true,"href":"https:\/\/www.viveremaiorca.com\/es\/wp-json\/wp\/v2\/media\/7901"}],"wp:attachment":[{"href":"https:\/\/www.viveremaiorca.com\/es\/wp-json\/wp\/v2\/media?parent=27142"}],"wp:term":[{"taxonomy":"category","embeddable":true,"href":"https:\/\/www.viveremaiorca.com\/es\/wp-json\/wp\/v2\/categories?post=27142"},{"taxonomy":"post_tag","embeddable":true,"href":"https:\/\/www.viveremaiorca.com\/es\/wp-json\/wp\/v2\/tags?post=27142"}],"curies":[{"name":"wp","href":"https:\/\/api.w.org\/{rel}","templated":true}]}}