{"id":28996,"date":"2023-02-01T07:22:01","date_gmt":"2023-02-01T06:22:01","guid":{"rendered":"https:\/\/www.staging3.viveremaiorca.com\/?p=28996"},"modified":"2026-04-10T19:07:42","modified_gmt":"2026-04-10T17:07:42","slug":"portocolom-2","status":"publish","type":"post","link":"https:\/\/www.viveremaiorca.com\/es\/donde-alojarse\/portocolom-2\/","title":{"rendered":"Portocolom"},"content":{"rendered":"\t\t<div data-elementor-type=\"wp-post\" data-elementor-id=\"28996\" class=\"elementor elementor-28996 elementor-28835\" data-elementor-post-type=\"post\">\n\t\t\t\t\t\t<section class=\"elementor-section elementor-top-section elementor-element elementor-element-396cd8c elementor-section-boxed elementor-section-height-default elementor-section-height-default\" data-id=\"396cd8c\" data-element_type=\"section\" data-e-type=\"section\">\n\t\t\t\t\t\t<div class=\"elementor-container elementor-column-gap-no\">\n\t\t\t\t\t<div class=\"elementor-column elementor-col-100 elementor-top-column elementor-element elementor-element-921eb5d\" data-id=\"921eb5d\" data-element_type=\"column\" data-e-type=\"column\">\n\t\t\t<div class=\"elementor-widget-wrap elementor-element-populated\">\n\t\t\t\t\t\t<div class=\"elementor-element elementor-element-71411e78 elementor-widget elementor-widget-text-editor\" data-id=\"71411e78\" data-element_type=\"widget\" data-e-type=\"widget\" data-widget_type=\"text-editor.default\">\n\t\t\t\t<div class=\"elementor-widget-container\">\n\t\t\t\t\t\t\t\t\t<p>Portocolom (o Porto Colom) es una localidad del este de Mallorca, perteneciente al municipio de Felanitx.<\/p><p>T\u00edpico <strong>pueblo de pescadores,<\/strong>\u00a0situado entre los centros tur\u00edsticos de <a href=\"https:\/\/www.viveremaiorca.com\/es\/donde-alojarse\/cala-dor-2\/\"><strong>Cala d&#8217;Or<\/strong><\/a> y <a href=\"https:\/\/www.viveremaiorca.com\/es\/donde-alojarse\/porto-cristo-2\/\"><strong>Porto Cristo,<\/strong><\/a> no s\u00f3lo es un lugar interesante para visitar, sino que a menudo es elegido como <strong>alojamiento por quienes vienen a Mallorca de vacaciones.<\/strong><\/p><p>En este art\u00edculo veremos <strong>los pros y los contras<\/strong> de alojarse en Portocolom, adem\u00e1s de repasar las <strong>atracciones, playas y puntos de inter\u00e9s<\/strong> de este pueblo pesquero de la costa este de Mallorca.<\/p><p>\u00bfListo? Vamos a Portocolom.<\/p>\t\t\t\t\t\t\t\t<\/div>\n\t\t\t\t<\/div>\n\t\t\t\t<div class=\"elementor-element elementor-element-04361bd elementor-widget elementor-widget-image\" data-id=\"04361bd\" data-element_type=\"widget\" data-e-type=\"widget\" data-widget_type=\"image.default\">\n\t\t\t\t<div class=\"elementor-widget-container\">\n\t\t\t\t\t\t\t\t\t\t\t\t<figure class=\"wp-caption\">\n\t\t\t\t\t\t\t\t\t\t<img fetchpriority=\"high\" decoding=\"async\" width=\"800\" height=\"532\" src=\"https:\/\/www.viveremaiorca.com\/wp-content\/uploads\/8281618027_61be5c9959_c-1.jpg\" class=\"attachment-large size-large wp-image-43921\" alt=\"\" srcset=\"https:\/\/www.viveremaiorca.com\/wp-content\/uploads\/8281618027_61be5c9959_c-1.jpg 800w, https:\/\/www.viveremaiorca.com\/wp-content\/uploads\/8281618027_61be5c9959_c-1-600x399.jpg 600w, https:\/\/www.viveremaiorca.com\/wp-content\/uploads\/8281618027_61be5c9959_c-1-300x200.jpg 300w, https:\/\/www.viveremaiorca.com\/wp-content\/uploads\/8281618027_61be5c9959_c-1-768x511.jpg 768w\" sizes=\"(max-width: 800px) 100vw, 800px\" \/>\t\t\t\t\t\t\t\t\t\t\t<figcaption class=\"widget-image-caption wp-caption-text\">Portocolom (foto de Matias Tellez - todos los derechos reservados, <a href=\"https:\/\/creativecommons.org\/licenses\/by\/2.0\/\" target=\"_blank\" rel=\"noopener noreferrer\">licencia <span lang=\"en\">CC BY 2.0<\/span><\/a>)<\/figcaption>\n\t\t\t\t\t\t\t\t\t\t<\/figure>\n\t\t\t\t\t\t\t\t\t<\/div>\n\t\t\t\t<\/div>\n\t\t\t\t<div class=\"elementor-element elementor-element-41fa9dc0 elementor-toc--minimized-on-tablet elementor-widget elementor-widget-table-of-contents\" data-id=\"41fa9dc0\" data-element_type=\"widget\" data-e-type=\"widget\" data-settings=\"{&quot;exclude_headings_by_selector&quot;:[],&quot;marker_view&quot;:&quot;bullets&quot;,&quot;icon&quot;:{&quot;value&quot;:&quot;&quot;,&quot;library&quot;:&quot;&quot;},&quot;no_headings_message&quot;:&quot;Non sono state trovate intestazioni in questa pagina.&quot;,&quot;headings_by_tags&quot;:[&quot;h2&quot;,&quot;h3&quot;,&quot;h4&quot;,&quot;h5&quot;,&quot;h6&quot;],&quot;minimize_box&quot;:&quot;yes&quot;,&quot;minimized_on&quot;:&quot;tablet&quot;,&quot;hierarchical_view&quot;:&quot;yes&quot;,&quot;min_height&quot;:{&quot;unit&quot;:&quot;px&quot;,&quot;size&quot;:&quot;&quot;,&quot;sizes&quot;:[]},&quot;min_height_tablet&quot;:{&quot;unit&quot;:&quot;px&quot;,&quot;size&quot;:&quot;&quot;,&quot;sizes&quot;:[]},&quot;min_height_mobile&quot;:{&quot;unit&quot;:&quot;px&quot;,&quot;size&quot;:&quot;&quot;,&quot;sizes&quot;:[]}}\" data-widget_type=\"table-of-contents.default\">\n\t\t\t\t<div class=\"elementor-widget-container\">\n\t\t\t\t\t\t\t\t\t<div class=\"elementor-toc__header\">\n\t\t\t\t\t\t<h4 class=\"elementor-toc__header-title\">\n\t\t\t\t\u00cdndice art\u00edculo\t\t\t<\/h4>\n\t\t\t\t\t\t\t\t\t\t<div class=\"elementor-toc__toggle-button elementor-toc__toggle-button--expand\" role=\"button\" tabindex=\"0\" aria-controls=\"elementor-toc__41fa9dc0\" aria-expanded=\"true\" aria-label=\"Abrir la tabla de contenidos\"><i aria-hidden=\"true\" class=\"fas fa-chevron-down\"><\/i><\/div>\n\t\t\t\t<div class=\"elementor-toc__toggle-button elementor-toc__toggle-button--collapse\" role=\"button\" tabindex=\"0\" aria-controls=\"elementor-toc__41fa9dc0\" aria-expanded=\"true\" aria-label=\"Cerrar la tabla de contenidos\"><i aria-hidden=\"true\" class=\"fas fa-chevron-up\"><\/i><\/div>\n\t\t\t\t\t<\/div>\n\t\t\t\t<div id=\"elementor-toc__41fa9dc0\" class=\"elementor-toc__body\">\n\t\t\t<div class=\"elementor-toc__spinner-container\">\n\t\t\t\t<i class=\"elementor-toc__spinner eicon-animation-spin eicon-loading\" aria-hidden=\"true\"><\/i>\t\t\t<\/div>\n\t\t<\/div>\n\t\t\t\t\t\t<\/div>\n\t\t\t\t<\/div>\n\t\t\t\t<div class=\"elementor-element elementor-element-16c1e20 elementor-widget elementor-widget-heading\" data-id=\"16c1e20\" data-element_type=\"widget\" data-e-type=\"widget\" data-widget_type=\"heading.default\">\n\t\t\t\t<div class=\"elementor-widget-container\">\n\t\t\t\t\t<h2 class=\"elementor-heading-title elementor-size-default\">Qu\u00e9 ver y hacer en Portocolom<\/h2>\t\t\t\t<\/div>\n\t\t\t\t<\/div>\n\t\t\t\t<div class=\"elementor-element elementor-element-64ac92d1 elementor-widget elementor-widget-text-editor\" data-id=\"64ac92d1\" data-element_type=\"widget\" data-e-type=\"widget\" data-widget_type=\"text-editor.default\">\n\t\t\t\t<div class=\"elementor-widget-container\">\n\t\t\t\t\t\t\t\t\t<p>El nombre de Portocolom est\u00e1 ligado a una leyenda que nos hace sonre\u00edr (y quiz\u00e1 tambi\u00e9n indignar&#8230;somos italianos). Porto \u00abColom\u00bb deriva de <strong>Cristob\u00e1l Col\u00f3n.<\/strong><\/p><p>Pues bien, seg\u00fan algunos, Portocolom es el verdadero <strong>lugar de nacimiento de Col\u00f3n,<\/strong>\u00a0que por tanto no ser\u00eda genov\u00e9s, como siempre nos han ense\u00f1ado en la escuela. Por lo menos a los italianos&#8230;<\/p><p>Por supuesto, no hay pruebas cient\u00edficas, pero eso es: este diminuto pueblo pesquero lleva el nombre del <strong>explorador m\u00e1s famoso de la historia.<\/strong><\/p><p>Leyendas aparte, Portocolom es un lugar fascinante a su manera. Un pueblo construido sobre una tranquila ensenada, con coloridas casitas de pescadores y los t\u00edpicos <em>llauts<\/em>, las hist\u00f3ricas barcas mallorquinas, que nos dan la imagen de un t\u00edpico pueblo costero mallorqu\u00edn, especialmente en los alrededores de la <strong>Plaza San Jaume<\/strong> y la zona llamada <strong>Arenal dets Ases.<\/strong>\u00a0Similar, en algunos aspectos, a la vecina localidad de <a href=\"https:\/\/www.viveremaiorca.com\/es\/que-ver\/mejores-pueblos\/cala-figuera-2\/\"><strong>Cala Figuera.<\/strong><\/a><\/p><p>Pero Mallorca ha cambiado a mediados del siglo pasado. Y lo hizo sobre todo en relaci\u00f3n con la llegada del turismo, verdadero punto de inflexi\u00f3n en la historia de la isla. Y as\u00ed, incluso un pueblo humilde como Portocolom ha sabido adaptarse a los tiempos: los alrededores de Cala Mar\u00e7al est\u00e1n ahora ocupados por <strong>hoteles y pisos tur\u00edsticos,<\/strong>\u00a0y Portocolom se ha convertido, en pocos a\u00f1os, en uno de los principales destinos tur\u00edsticos de la costa este mallorquina.<\/p><p>Y ahora, echemos un vistazo a los principales puntos de inter\u00e9s de Portocolom:<\/p><ul><li><strong>Plaza Sant Jaume: <\/strong>la plaza principal del pueblo, a un paso del mar, donde se alza la iglesia dedicada a la Mare del Carmen, una construcci\u00f3n neog\u00f3tica de finales del siglo XIX. Detr\u00e1s de la plaza se encuentra el peque\u00f1o centro hist\u00f3rico del pueblo, llamado Es Riut\u00f2;<\/li><li><strong>el peque\u00f1o puerto:<\/strong> las casas de colores, los llauts, los muelles, la calma y la tranquilidad. Pasear por el peque\u00f1o puerto de Portocolom es sumergirse en una Mallorca de otros tiempos. Ten en cuenta que, antiguamente, Portocolom era uno de los puertos pesqueros m\u00e1s importantes de la isla;<\/li><li><strong>faro de Portocolom:<\/strong>\u00a0es un faro en funcionamiento, por lo que no puedes acercarte demasiado a \u00e9l. Sin embargo, el camino hasta el faro es muy bonito, y tambi\u00e9n encontrar\u00e1s un mirador desde el que admirar el pueblo en todo su esplendor. En cualquier caso, la imagen del faro de Portocolom es una de las m\u00e1s bonitas del pueblo, del que se ha convertido en una especie de s\u00edmbolo. En particular, recomendamos admirar y fotografiar el faro desde la <strong>Cova Foradada,<\/strong> que se encuentra en el lado opuesto de la bah\u00eda;<\/li><li><strong>Sant Salvador:<\/strong>\u00a0cerca de Portocolom, encontramos el <strong>Puig de Sant Salvador,<\/strong>\u00a0que es el pico m\u00e1s alto de la zona y ofrece una hermosa vista de todo el Pla de Mallorca. En la cima del Puig de Sant Salvador se encuentra un antiguo monasterio y una cruz de 14 metros, la <strong>Cruz de Picot;<\/strong><\/li><li><strong><a href=\"https:\/\/www.viveremaiorca.com\/es\/que-ver\/cuevas-del-drach-2\/\">Cuevas del Drach<\/a>\u00a0y <a href=\"https:\/\/www.tiqets.com\/es\/atracciones-porto-cristo-c975\/entradas-para-cuevas-dels-hams-p976019\/?partner=viveremaiorcasl\">Cuevas dels Hams<\/a><\/strong>: se trata de una zona de <a href=\"https:\/\/www.viveremaiorca.com\/es\/que-ver\/cuevas-en-mallorca\/\"><strong>cuevas.<\/strong><\/a> De hecho, en la cercana Porto Cristo se encuentran las dos cuevas m\u00e1s famosas de la isla.<\/li><\/ul>\t\t\t\t\t\t\t\t<\/div>\n\t\t\t\t<\/div>\n\t\t\t\t<div class=\"elementor-element elementor-element-a2d7f6c elementor-widget elementor-widget-html\" data-id=\"a2d7f6c\" data-element_type=\"widget\" data-e-type=\"widget\" data-widget_type=\"html.default\">\n\t\t\t\t<div class=\"elementor-widget-container\">\n\t\t\t\t\t<blockquote class=\"instagram-media\" data-instgrm-captioned data-instgrm-permalink=\"https:\/\/www.instagram.com\/p\/Cl-vEbDjjz5\/?utm_source=ig_embed&amp;utm_campaign=loading\" data-instgrm-version=\"14\" style=\" background:#FFF; border:0; border-radius:3px; box-shadow:0 0 1px 0 rgba(0,0,0,0.5),0 1px 10px 0 rgba(0,0,0,0.15); margin: 1px; max-width:540px; min-width:326px; padding:0; width:99.375%; width:-webkit-calc(100% - 2px); width:calc(100% - 2px);\"><div style=\"padding:16px;\"> <a href=\"https:\/\/www.instagram.com\/p\/Cl-vEbDjjz5\/?utm_source=ig_embed&amp;utm_campaign=loading\" style=\" background:#FFFFFF; line-height:0; padding:0 0; text-align:center; text-decoration:none; width:100%;\" target=\"_blank\"> <div style=\" display: flex; flex-direction: row; align-items: center;\"> <div style=\"background-color: #F4F4F4; border-radius: 50%; flex-grow: 0; height: 40px; margin-right: 14px; width: 40px;\"><\/div> <div style=\"display: flex; flex-direction: column; flex-grow: 1; justify-content: center;\"> <div style=\" background-color: #F4F4F4; border-radius: 4px; flex-grow: 0; height: 14px; margin-bottom: 6px; width: 100px;\"><\/div> <div style=\" background-color: #F4F4F4; border-radius: 4px; flex-grow: 0; height: 14px; width: 60px;\"><\/div><\/div><\/div><div style=\"padding: 19% 0;\"><\/div> <div style=\"display:block; height:50px; margin:0 auto 12px; width:50px;\"><svg width=\"50px\" height=\"50px\" viewBox=\"0 0 60 60\" version=\"1.1\" xmlns=\"https:\/\/www.w3.org\/2000\/svg\" xmlns:xlink=\"https:\/\/www.w3.org\/1999\/xlink\"><g stroke=\"none\" stroke-width=\"1\" fill=\"none\" fill-rule=\"evenodd\"><g transform=\"translate(-511.000000, -20.000000)\" fill=\"#000000\"><g><path d=\"M556.869,30.41 C554.814,30.41 553.148,32.076 553.148,34.131 C553.148,36.186 554.814,37.852 556.869,37.852 C558.924,37.852 560.59,36.186 560.59,34.131 C560.59,32.076 558.924,30.41 556.869,30.41 M541,60.657 C535.114,60.657 530.342,55.887 530.342,50 C530.342,44.114 535.114,39.342 541,39.342 C546.887,39.342 551.658,44.114 551.658,50 C551.658,55.887 546.887,60.657 541,60.657 M541,33.886 C532.1,33.886 524.886,41.1 524.886,50 C524.886,58.899 532.1,66.113 541,66.113 C549.9,66.113 557.115,58.899 557.115,50 C557.115,41.1 549.9,33.886 541,33.886 M565.378,62.101 C565.244,65.022 564.756,66.606 564.346,67.663 C563.803,69.06 563.154,70.057 562.106,71.106 C561.058,72.155 560.06,72.803 558.662,73.347 C557.607,73.757 556.021,74.244 553.102,74.378 C549.944,74.521 548.997,74.552 541,74.552 C533.003,74.552 532.056,74.521 528.898,74.378 C525.979,74.244 524.393,73.757 523.338,73.347 C521.94,72.803 520.942,72.155 519.894,71.106 C518.846,70.057 518.197,69.06 517.654,67.663 C517.244,66.606 516.755,65.022 516.623,62.101 C516.479,58.943 516.448,57.996 516.448,50 C516.448,42.003 516.479,41.056 516.623,37.899 C516.755,34.978 517.244,33.391 517.654,32.338 C518.197,30.938 518.846,29.942 519.894,28.894 C520.942,27.846 521.94,27.196 523.338,26.654 C524.393,26.244 525.979,25.756 528.898,25.623 C532.057,25.479 533.004,25.448 541,25.448 C548.997,25.448 549.943,25.479 553.102,25.623 C556.021,25.756 557.607,26.244 558.662,26.654 C560.06,27.196 561.058,27.846 562.106,28.894 C563.154,29.942 563.803,30.938 564.346,32.338 C564.756,33.391 565.244,34.978 565.378,37.899 C565.522,41.056 565.552,42.003 565.552,50 C565.552,57.996 565.522,58.943 565.378,62.101 M570.82,37.631 C570.674,34.438 570.167,32.258 569.425,30.349 C568.659,28.377 567.633,26.702 565.965,25.035 C564.297,23.368 562.623,22.342 560.652,21.575 C558.743,20.834 556.562,20.326 553.369,20.18 C550.169,20.033 549.148,20 541,20 C532.853,20 531.831,20.033 528.631,20.18 C525.438,20.326 523.257,20.834 521.349,21.575 C519.376,22.342 517.703,23.368 516.035,25.035 C514.368,26.702 513.342,28.377 512.574,30.349 C511.834,32.258 511.326,34.438 511.181,37.631 C511.035,40.831 511,41.851 511,50 C511,58.147 511.035,59.17 511.181,62.369 C511.326,65.562 511.834,67.743 512.574,69.651 C513.342,71.625 514.368,73.296 516.035,74.965 C517.703,76.634 519.376,77.658 521.349,78.425 C523.257,79.167 525.438,79.673 528.631,79.82 C531.831,79.965 532.853,80.001 541,80.001 C549.148,80.001 550.169,79.965 553.369,79.82 C556.562,79.673 558.743,79.167 560.652,78.425 C562.623,77.658 564.297,76.634 565.965,74.965 C567.633,73.296 568.659,71.625 569.425,69.651 C570.167,67.743 570.674,65.562 570.82,62.369 C570.966,59.17 571,58.147 571,50 C571,41.851 570.966,40.831 570.82,37.631\"><\/path><\/g><\/g><\/g><\/svg><\/div><div style=\"padding-top: 8px;\"> <div style=\" color:#3897f0; font-family:Arial,sans-serif; font-size:14px; font-style:normal; font-weight:550; line-height:18px;\">Ver esta publicaci\u00f3n en Instagram<\/div><\/div><div style=\"padding: 12.5% 0;\"><\/div> <div style=\"display: flex; flex-direction: row; margin-bottom: 14px; align-items: center;\"><div> <div style=\"background-color: #F4F4F4; border-radius: 50%; height: 12.5px; width: 12.5px; transform: translateX(0px) translateY(7px);\"><\/div> <div style=\"background-color: #F4F4F4; height: 12.5px; transform: rotate(-45deg) translateX(3px) translateY(1px); width: 12.5px; flex-grow: 0; margin-right: 14px; margin-left: 2px;\"><\/div> <div style=\"background-color: #F4F4F4; border-radius: 50%; height: 12.5px; width: 12.5px; transform: translateX(9px) translateY(-18px);\"><\/div><\/div><div style=\"margin-left: 8px;\"> <div style=\" background-color: #F4F4F4; border-radius: 50%; flex-grow: 0; height: 20px; width: 20px;\"><\/div> <div style=\" width: 0; height: 0; border-top: 2px solid transparent; border-left: 6px solid #f4f4f4; border-bottom: 2px solid transparent; transform: translateX(16px) translateY(-4px) rotate(30deg)\"><\/div><\/div><div style=\"margin-left: auto;\"> <div style=\" width: 0px; border-top: 8px solid #F4F4F4; border-right: 8px solid transparent; transform: translateY(16px);\"><\/div> <div style=\" background-color: #F4F4F4; flex-grow: 0; height: 12px; width: 16px; transform: translateY(-4px);\"><\/div> <div style=\" width: 0; height: 0; border-top: 8px solid #F4F4F4; border-left: 8px solid transparent; transform: translateY(-4px) translateX(8px);\"><\/div><\/div><\/div> <div style=\"display: flex; flex-direction: column; flex-grow: 1; justify-content: center; margin-bottom: 24px;\"> <div style=\" background-color: #F4F4F4; border-radius: 4px; flex-grow: 0; height: 14px; margin-bottom: 6px; width: 224px;\"><\/div> <div style=\" background-color: #F4F4F4; border-radius: 4px; flex-grow: 0; height: 14px; width: 144px;\"><\/div><\/div><\/a><p style=\" color:#c9c8cd; font-family:Arial,sans-serif; font-size:14px; line-height:17px; margin-bottom:0; margin-top:8px; overflow:hidden; padding:8px 0 7px; text-align:center; text-overflow:ellipsis; white-space:nowrap;\"><a href=\"https:\/\/www.instagram.com\/p\/Cl-vEbDjjz5\/?utm_source=ig_embed&amp;utm_campaign=loading\" style=\" color:#c9c8cd; font-family:Arial,sans-serif; font-size:14px; font-style:normal; font-weight:normal; line-height:17px; text-decoration:none;\" target=\"_blank\">Una publicaci\u00f3n compartida de Portocolom, Mallorca (@porto.colom)<\/a><\/p><\/div><\/blockquote> <script async src=\"\/\/www.instagram.com\/embed.js\"><\/script>\t\t\t\t<\/div>\n\t\t\t\t<\/div>\n\t\t\t\t<div class=\"elementor-element elementor-element-45678 elementor-cta--skin-cover elementor-cta--valign-bottom elementor-animated-content elementor-widget elementor-widget-global elementor-global-45678 elementor-widget-call-to-action\" data-id=\"45678\" data-element_type=\"widget\" data-e-type=\"widget\" data-widget_type=\"call-to-action.default\">\n\t\t\t\t<div class=\"elementor-widget-container\">\n\t\t\t\t\t\t\t<a class=\"elementor-cta\" href=\"https:\/\/www.viveremaiorca.com\/es\/excursiones-a-medida\/\">\n\t\t\t\t\t<div class=\"elementor-cta__bg-wrapper\">\n\t\t\t\t<div class=\"elementor-cta__bg elementor-bg\" style=\"background-image: url(https:\/\/www.viveremaiorca.com\/wp-content\/uploads\/su-misura-2.jpg);\" role=\"img\" aria-label=\"Excursiones a medida banner\"><\/div>\n\t\t\t\t<div class=\"elementor-cta__bg-overlay\"><\/div>\n\t\t\t<\/div>\n\t\t\t\t\t\t\t<div class=\"elementor-cta__content\">\n\t\t\t\t\n\t\t\t\t\n\t\t\t\t\n\t\t\t\t\t\t\t\t\t<div class=\"elementor-cta__button-wrapper elementor-cta__content-item elementor-content-item elementor-animated-item--grow\">\n\t\t\t\t\t<span class=\"elementor-cta__button elementor-button elementor-size-lg\">\n\t\t\t\t\t\t \t\t\t\t\t<\/span>\n\t\t\t\t\t<\/div>\n\t\t\t\t\t\t\t<\/div>\n\t\t\t\t\t\t<\/a>\n\t\t\t\t\t\t<\/div>\n\t\t\t\t<\/div>\n\t\t\t\t<div class=\"elementor-element elementor-element-a0d2386 elementor-widget elementor-widget-heading\" data-id=\"a0d2386\" data-element_type=\"widget\" data-e-type=\"widget\" data-widget_type=\"heading.default\">\n\t\t\t\t<div class=\"elementor-widget-container\">\n\t\t\t\t\t<h2 class=\"elementor-heading-title elementor-size-default\">D\u00f3nde alojarse en Portocolom<\/h2>\t\t\t\t<\/div>\n\t\t\t\t<\/div>\n\t\t\t\t<div class=\"elementor-element elementor-element-5b2d5cd8 elementor-widget elementor-widget-text-editor\" data-id=\"5b2d5cd8\" data-element_type=\"widget\" data-e-type=\"widget\" data-widget_type=\"text-editor.default\">\n\t\t\t\t<div class=\"elementor-widget-container\">\n\t\t\t\t\t\t\t\t\t<p>La zona sur de Portocolom, con las urbanizaciones de Cala Mar\u00e7al, Cala Barbacana y La Bateria, es un \u00e1rea repleta de hoteles y pisos tur\u00edsticos.<\/p>\t\t\t\t\t\t\t\t<\/div>\n\t\t\t\t<\/div>\n\t\t\t\t<div class=\"elementor-element elementor-element-bdb16df elementor-widget elementor-widget-html\" data-id=\"bdb16df\" data-element_type=\"widget\" data-e-type=\"widget\" data-widget_type=\"html.default\">\n\t\t\t\t<div class=\"elementor-widget-container\">\n\t\t\t\t\t<script src=\"https:\/\/www.booking.com\/affiliate\/prelanding_sdk\"><\/script>\n  \n  <div id=\"bookingAffiliateWidget_8158f116-bd6c-4bc7-b264-3a7d311db157\">&nbsp;<\/div>\n  \n  <script>\n      (function () {\n          var BookingAffiliateWidget = new Booking.AffiliateWidget({\n  \"iframeSettings\": {\n    \"selector\": \"bookingAffiliateWidget_8158f116-bd6c-4bc7-b264-3a7d311db157\",\n    \"responsive\": true\n  },\n  \"widgetSettings\": {\n    \"ss\": \"Portals Nous, Isole Baleari, Spagna\",\n    \"latitude\": 39.5352,\n    \"longitude\": 2.57216,\n    \"zoom\": 9,\n    \"customMarkerTitle\": \"\"\n  }\n});\n      })();\n  <\/script>\t\t\t\t<\/div>\n\t\t\t\t<\/div>\n\t\t\t\t<div class=\"elementor-element elementor-element-b71c237 elementor-arrows-yes elementor-pagination-type-bullets elementor-review--has-separator elementor--star-style-star_fontawesome elementor-widget elementor-widget-reviews\" data-id=\"b71c237\" data-element_type=\"widget\" data-e-type=\"widget\" data-settings=\"{&quot;show_arrows&quot;:&quot;yes&quot;,&quot;pagination&quot;:&quot;bullets&quot;,&quot;speed&quot;:500,&quot;autoplay&quot;:&quot;yes&quot;,&quot;autoplay_speed&quot;:5000,&quot;loop&quot;:&quot;yes&quot;,&quot;pause_on_hover&quot;:&quot;yes&quot;,&quot;pause_on_interaction&quot;:&quot;yes&quot;,&quot;space_between&quot;:{&quot;unit&quot;:&quot;px&quot;,&quot;size&quot;:10,&quot;sizes&quot;:[]},&quot;space_between_tablet&quot;:{&quot;unit&quot;:&quot;px&quot;,&quot;size&quot;:10,&quot;sizes&quot;:[]},&quot;space_between_mobile&quot;:{&quot;unit&quot;:&quot;px&quot;,&quot;size&quot;:10,&quot;sizes&quot;:[]}}\" data-widget_type=\"reviews.default\">\n\t\t\t\t<div class=\"elementor-widget-container\">\n\t\t\t\t\t\t\t\t\t<div class=\"elementor-swiper\">\n\t\t\t\t\t<div class=\"elementor-main-swiper swiper\" role=\"region\" aria-roledescription=\"carousel\" aria-label=\"Slides\">\n\t\t\t\t<div class=\"swiper-wrapper\">\n\t\t\t\t\t\t\t\t\t\t\t<div class=\"swiper-slide\" role=\"group\" aria-roledescription=\"slide\">\n\t\t\t\t\t\t\t\t\t<div class=\"elementor-testimonial elementor-repeater-item-c3c25f4\">\n\t\t\t\t\t\t\t<div class=\"elementor-testimonial__header\">\n\t\t\t\t\t\t\t\t\t\t\t<div class=\"elementor-testimonial__image\">\n\t\t\t\t\t\t\t<img decoding=\"async\" src=\"https:\/\/www.viveremaiorca.com\/wp-content\/uploads\/spiaggia-cala-mesquida-mallorca-scaled.jpg\" alt=\"Vivere Maiorca\">\n\t\t\t\t\t\t\t\t\t\t\t\t\t<\/div>\n\t\t\t\t\t\t\t\t\t\t<cite class=\"elementor-testimonial__cite\"><span class=\"elementor-testimonial__name\">Vivere Maiorca<\/span><span class=\"elementor-testimonial__title\">recomienda...<\/span><\/cite>\t\t\t\t\t<div class=\"elementor-testimonial__icon elementor-icon elementor-icon-rss\" aria-label=\"Leer m\u00e1s\"><i aria-hidden=\"true\" class=\"fas fa-rss\"><\/i><\/div>\t\t\t\t<\/div>\n\t\t\t\t\t\t\t\t\t\t<div class=\"elementor-testimonial__content\">\n\t\t\t\t\t<div class=\"elementor-testimonial__text\">\n\t\t\t\t\t\tAqu\u00ed tienes las soluciones recomendadas en Portocolom:<br>\n<br>\n\ud83d\udc49 <a href=\"https:\/\/www.booking.com\/hotel\/es\/hpc-portocolom-porto-colom-felanitx.es.html?aid=1753026&no_rooms=1&group_adults=2\"> Hostal HPC Portocolom:<\/a> peque\u00f1o hotel a dos pasos del mar con una excelente relaci\u00f3n calidad-precio.<br>\n<br>\n\ud83d\udc49 <a href=\"https:\/\/www.booking.com\/hotel\/es\/sa-punta-portocolom1.es.html?aid=1753026&no_rooms=1&group_adults=2\"> Hotel Sa Punta:<\/a> excelente hotel de 4 estrellas cerca de la playa de S'Algar.<br>\n<br>\n\ud83d\udc49 <a href=\"https:\/\/www.booking.com\/hotel\/es\/es-corso.es.html?aid=1753026&no_rooms=1&group_adults=2\"> JS Portocolom Suite:<\/a> subimos un poco el precio con este maravilloso complejo hotelero muy cerca de la playa de Cala Mar\u00e7al. Una gran opci\u00f3n para las familias.\t\t\t\t\t<\/div>\n\t\t\t\t<\/div>\n\t\t\t\t\t<\/div>\n\t\t\t\t\t\t\t\t<\/div>\n\t\t\t\t\t\t\t\t\t<\/div>\n\t\t\t\t\t\t\t<\/div>\n\t\t\t\t<\/div>\n\t\t\t\t\t\t\t\t<\/div>\n\t\t\t\t<\/div>\n\t\t\t\t<div class=\"elementor-element elementor-element-7ba6da50 elementor-widget elementor-widget-heading\" data-id=\"7ba6da50\" data-element_type=\"widget\" data-e-type=\"widget\" data-widget_type=\"heading.default\">\n\t\t\t\t<div class=\"elementor-widget-container\">\n\t\t\t\t\t<h2 class=\"elementor-heading-title elementor-size-default\">C\u00f3mo llegar a Portocolom<\/h2>\t\t\t\t<\/div>\n\t\t\t\t<\/div>\n\t\t\t\t<div class=\"elementor-element elementor-element-4241d040 elementor-widget elementor-widget-html\" data-id=\"4241d040\" data-element_type=\"widget\" data-e-type=\"widget\" data-widget_type=\"html.default\">\n\t\t\t\t<div class=\"elementor-widget-container\">\n\t\t\t\t\t<iframe src=\"https:\/\/www.google.com\/maps\/embed?pb=!1m28!1m12!1m3!1d197050.88369684722!2d2.812412568694015!3d39.49371970195909!2m3!1f0!2f0!3f0!3m2!1i1024!2i768!4f13.1!4m13!3e0!4m5!1s0x12979259c61ac757%3A0xc40d5406c3d058c6!2sPalma!3m2!1d39.5696005!2d2.6501603!4m5!1s0x129650051da317ef%3A0xc34f102f1ba56704!2s07670%20Portocolom%2C%20Baleari!3m2!1d39.415781599999995!2d3.2564767999999997!5e0!3m2!1sit!2ses!4v1675153077567!5m2!1sit!2ses\" width=\"600\" height=\"450\" style=\"border:0;\" allowfullscreen=\"\" loading=\"lazy\" referrerpolicy=\"no-referrer-when-downgrade\"><\/iframe>\t\t\t\t<\/div>\n\t\t\t\t<\/div>\n\t\t\t\t<div class=\"elementor-element elementor-element-367f7445 elementor-widget elementor-widget-text-editor\" data-id=\"367f7445\" data-element_type=\"widget\" data-e-type=\"widget\" data-widget_type=\"text-editor.default\">\n\t\t\t\t<div class=\"elementor-widget-container\">\n\t\t\t\t\t\t\t\t\t<p>El trayecto a Portocolom desde Palma dura aproximadamente una hora. Puedes tomar <strong>la Ma-19,<\/strong> que pasa por Campos, o <strong>la Ma-15,<\/strong> que pasa por <a href=\"https:\/\/www.viveremaiorca.com\/es\/donde-alojarse\/manacor-2\/\"><strong>Manacor.<\/strong><\/a><\/p><p>Como suele ocurrir, es un poco m\u00e1s complicado llegar a Portocolom en transporte p\u00fablico (por eso siempre recomendamos <a href=\"https:\/\/www.viveremaiorca.com\/es\/como-moverse\/alquilar-un-coche-en-palma-de-mallorca\/\"><strong>alquilar un coche en Mallorca<\/strong><\/a>). Tendr\u00e1s que coger el autob\u00fas <strong>n\u00ba 501<\/strong> (desde el centro de Palma) hasta Felanitx, y despu\u00e9s coger el autob\u00fas<strong> n\u00ba 512<\/strong> hasta Portocolom.<\/p><p>Puedes comprar tu billete a bordo (pagando en efectivo directamente al conductor o con tarjeta de d\u00e9bito\/cr\u00e9dito) o la web de TIB, donde tambi\u00e9n encontrar\u00e1s <a href=\"https:\/\/www.tib.org\/es\/web\/ctm\/lineas-y-horarios\"><strong>los horarios.<\/strong><\/a><\/p><p>En este enlace encontrar\u00e1s un par de soluciones convenientes para el <a href=\"https:\/\/www.viveremaiorca.com\/es\/alquiler-de-coches\/\"><strong>alquiler de coches en Mallorca,<\/strong><\/a>\u00a0\u00a1con algunos c\u00f3digos de descuento para utilizar!<\/p>\t\t\t\t\t\t\t\t<\/div>\n\t\t\t\t<\/div>\n\t\t\t\t<div class=\"elementor-element elementor-element-f140f8b elementor-widget elementor-widget-image\" data-id=\"f140f8b\" data-element_type=\"widget\" data-e-type=\"widget\" data-widget_type=\"image.default\">\n\t\t\t\t<div class=\"elementor-widget-container\">\n\t\t\t\t\t\t\t\t\t\t\t\t<figure class=\"wp-caption\">\n\t\t\t\t\t\t\t\t\t\t<img decoding=\"async\" width=\"768\" height=\"768\" src=\"https:\/\/www.viveremaiorca.com\/wp-content\/uploads\/IMG_7555_Original-1-768x768.jpg\" class=\"attachment-medium_large size-medium_large wp-image-43923\" alt=\"\" srcset=\"https:\/\/www.viveremaiorca.com\/wp-content\/uploads\/IMG_7555_Original-1-768x768.jpg 768w, https:\/\/www.viveremaiorca.com\/wp-content\/uploads\/IMG_7555_Original-1-300x300.jpg 300w, https:\/\/www.viveremaiorca.com\/wp-content\/uploads\/IMG_7555_Original-1-100x100.jpg 100w, https:\/\/www.viveremaiorca.com\/wp-content\/uploads\/IMG_7555_Original-1-600x600.jpg 600w, https:\/\/www.viveremaiorca.com\/wp-content\/uploads\/IMG_7555_Original-1-1080x1080.jpg 1080w, https:\/\/www.viveremaiorca.com\/wp-content\/uploads\/IMG_7555_Original-1-150x150.jpg 150w, https:\/\/www.viveremaiorca.com\/wp-content\/uploads\/IMG_7555_Original-1-1536x1536.jpg 1536w, https:\/\/www.viveremaiorca.com\/wp-content\/uploads\/IMG_7555_Original-1.jpg 2048w\" sizes=\"(max-width: 768px) 100vw, 768px\" \/>\t\t\t\t\t\t\t\t\t\t\t<figcaption class=\"widget-image-caption wp-caption-text\">Para llegar a Portocolom hace falta un coche. El coche de la foto se alquil\u00f3 con <a href=\"https:\/\/www.viveremaiorca.com\/noleggio\/offugo\/\">OffUgo<\/a> usando el c\u00f3digo de descuento VIVEREMAIORCA10<\/figcaption>\n\t\t\t\t\t\t\t\t\t\t<\/figure>\n\t\t\t\t\t\t\t\t\t<\/div>\n\t\t\t\t<\/div>\n\t\t\t\t<div class=\"elementor-element elementor-element-40b25577 elementor-widget elementor-widget-heading\" data-id=\"40b25577\" data-element_type=\"widget\" data-e-type=\"widget\" data-widget_type=\"heading.default\">\n\t\t\t\t<div class=\"elementor-widget-container\">\n\t\t\t\t\t<h2 class=\"elementor-heading-title elementor-size-default\">Playas de Portocolom<\/h2>\t\t\t\t<\/div>\n\t\t\t\t<\/div>\n\t\t\t\t<div class=\"elementor-element elementor-element-2344f72c elementor-widget elementor-widget-text-editor\" data-id=\"2344f72c\" data-element_type=\"widget\" data-e-type=\"widget\" data-widget_type=\"text-editor.default\">\n\t\t\t\t<div class=\"elementor-widget-container\">\n\t\t\t\t\t\t\t\t\t<p>Bien, imaginemos que te alojas en Portocolom en pleno verano. \u00bfD\u00f3nde vas a la playa?<\/p><p>Si has le\u00eddo el art\u00edculo dedicado a <a href=\"https:\/\/www.viveremaiorca.com\/es\/que-ver\/playas\/\"><strong>las mejores playas de Mallorca,<\/strong><\/a>\u00a0sabr\u00e1s que la costa este de la isla es una sucesi\u00f3n de maravillosas calas y bah\u00edas. Algunas equipadas y tur\u00edsticas, otras m\u00e1s salvajes, como nos gustan.<\/p><p>La playa del pueblo es el <strong>Arenal dets Ases,<\/strong>\u00a0que es entonces el lugar central donde se re\u00fanen los habitantes del pueblo el d\u00eda de la festividad de la <strong>Virgen del Carmen,<\/strong>\u00a0una de las <a href=\"https:\/\/www.viveremaiorca.com\/es\/que-hacer\/fiestas-populares-en-mallorca-5-fiestas-que-no-debes-perderte\/\"><strong>fiestas populares m\u00e1s interesantes de Mallorca,<\/strong><\/a> el 16 de julio.<\/p><p>Al sur de Portocolom se encuentra la principal playa de la zona: <strong>Cala Mar\u00e7al,<\/strong>\u00a0una playa c\u00f3moda, bien equipada y segura, apta para ni\u00f1os y familias.<\/p><p>\u00a1Un poco m\u00e1s al sur, encontramos las inaccesibles pero maravillosas <strong>Cala Brafi,<\/strong>\u00a0<strong>Cala Sa Nau<\/strong> y muchas otras calas \u00absecretas\u00bb y maravillosas, que reservamos para los viajeros que decidan hacer el <a href=\"https:\/\/www.viveremaiorca.com\/es\/su-viaje-a-mallorca-a-medida\/\"><strong>Itinerario a Medida<\/strong><\/a> con nosotros! \ud83d\ude0f<\/p>\t\t\t\t\t\t\t\t<\/div>\n\t\t\t\t<\/div>\n\t\t\t\t<div class=\"elementor-element elementor-element-48cc8a6 elementor-widget elementor-widget-image\" data-id=\"48cc8a6\" data-element_type=\"widget\" data-e-type=\"widget\" data-widget_type=\"image.default\">\n\t\t\t\t<div class=\"elementor-widget-container\">\n\t\t\t\t\t\t\t\t\t\t\t\t<figure class=\"wp-caption\">\n\t\t\t\t\t\t\t\t\t\t<img decoding=\"async\" width=\"800\" height=\"600\" src=\"https:\/\/www.viveremaiorca.com\/wp-content\/uploads\/44256581531_9bc8e74bdf_c-1.jpg\" class=\"attachment-large size-large wp-image-43922\" alt=\"\" srcset=\"https:\/\/www.viveremaiorca.com\/wp-content\/uploads\/44256581531_9bc8e74bdf_c-1.jpg 800w, https:\/\/www.viveremaiorca.com\/wp-content\/uploads\/44256581531_9bc8e74bdf_c-1-600x450.jpg 600w, https:\/\/www.viveremaiorca.com\/wp-content\/uploads\/44256581531_9bc8e74bdf_c-1-300x225.jpg 300w, https:\/\/www.viveremaiorca.com\/wp-content\/uploads\/44256581531_9bc8e74bdf_c-1-768x576.jpg 768w\" sizes=\"(max-width: 800px) 100vw, 800px\" \/>\t\t\t\t\t\t\t\t\t\t\t<figcaption class=\"widget-image-caption wp-caption-text\">Barcos en Portcolom (foto de Damian Entwistle - todos los derechos reservados, <a href=\"https:\/\/creativecommons.org\/licenses\/by\/2.0\/\" target=\"_blank\" rel=\"noopener noreferrer\">licencia <span lang=\"en\">CC BY 2.0<\/span><\/a>)<\/figcaption>\n\t\t\t\t\t\t\t\t\t\t<\/figure>\n\t\t\t\t\t\t\t\t\t<\/div>\n\t\t\t\t<\/div>\n\t\t\t\t<div class=\"elementor-element elementor-element-2c36ba2 elementor-widget elementor-widget-heading\" data-id=\"2c36ba2\" data-element_type=\"widget\" data-e-type=\"widget\" data-widget_type=\"heading.default\">\n\t\t\t\t<div class=\"elementor-widget-container\">\n\t\t\t\t\t<h2 class=\"elementor-heading-title elementor-size-default\">Alojarse en Portocolom: pros y contras<\/h2>\t\t\t\t<\/div>\n\t\t\t\t<\/div>\n\t\t\t\t<div class=\"elementor-element elementor-element-1d9eb4a1 elementor-widget elementor-widget-text-editor\" data-id=\"1d9eb4a1\" data-element_type=\"widget\" data-e-type=\"widget\" data-widget_type=\"text-editor.default\">\n\t\t\t\t<div class=\"elementor-widget-container\">\n\t\t\t\t\t\t\t\t\t<p>P\u00e1rrafo final, pros y contras de alojarse en Portocolom.<\/p><p>En nuestra opini\u00f3n, alojarse en Portocolom es un <strong>buen compromiso,<\/strong>\u00a0en cierto modo una de las mejores soluciones que se ofrecen en la zona este.<\/p><p>\u00bfEl motivo? Es una zona bien equipada y surtida, pero mucho menos masificada que otras vecinas (<a href=\"https:\/\/www.viveremaiorca.com\/es\/donde-alojarse\/porto-cristo-2\/\"><strong>Porto Cristo<\/strong> <\/a>o Cales de Mallorca), frente a las cuales Portocolom ha sabido conservar parte de la autenticidad de los pueblos de la isla.<\/p><p>Pasemos a los contras, los aspectos negativos. Principalmente, <strong>la ubicaci\u00f3n.<\/strong><\/p><p>Si deseas recorrer la isla a lo largo y ancho, Portocolom es una soluci\u00f3n inc\u00f3moda, ya que te obliga a realizar largos trayectos en coche, lo que te obliga a perderte algunos de los principales puntos de inter\u00e9s de la isla.<\/p><p>Sin embargo, si sabes organizarte y optimizar tu tiempo de viaje, Portocolom puede ser la elecci\u00f3n correcta.<\/p><p><em><img decoding=\"async\" class=\"emoji entered litespeed-loaded\" role=\"img\" draggable=\"false\" src=\"https:\/\/s.w.org\/images\/core\/emoji\/14.0.0\/svg\/1f449.svg\" alt=\"\ud83d\udc49\" data-lazyloaded=\"1\" data-src=\"https:\/\/s.w.org\/images\/core\/emoji\/14.0.0\/svg\/1f449.svg\" data-ll-status=\"loaded\" \/> Si deseas un asesoramiento personalizado en funci\u00f3n de tus necesidades y del tipo de viaje que tienes en mente, <a href=\"https:\/\/www.viveremaiorca.com\/es\/su-viaje-a-mallorca-a-medida\/\"><strong>solicita tu Itinerario a Medida.<\/strong><\/a>\u00a0La primera consulta es 100% gratuita.<\/em><\/p>\t\t\t\t\t\t\t\t<\/div>\n\t\t\t\t<\/div>\n\t\t\t\t\t<\/div>\n\t\t<\/div>\n\t\t\t\t\t<\/div>\n\t\t<\/section>\n\t\t\t\t<\/div>\n\t\t","protected":false},"excerpt":{"rendered":"<p>Portocolom (o Porto Colom) es una localidad del este de Mallorca, perteneciente al municipio de Felanitx. T\u00edpico pueblo de pescadores,\u00a0situado entre los centros tur\u00edsticos de Cala d&#8217;Or y Porto Cristo, [&hellip;]<\/p>\n","protected":false},"author":7,"featured_media":28837,"comment_status":"open","ping_status":"closed","sticky":false,"template":"","format":"standard","meta":{"_monsterinsights_skip_tracking":false,"_price":"","_stock":"","_tribe_ticket_header":"","_tribe_default_ticket_provider":"","_tribe_ticket_capacity":"0","_ticket_start_date":"","_ticket_end_date":"","_tribe_ticket_show_description":"","_tribe_ticket_show_not_going":false,"_tribe_ticket_use_global_stock":"","_tribe_ticket_global_stock_level":"","_global_stock_mode":"","_global_stock_cap":"","_tribe_rsvp_for_event":"","_tribe_ticket_going_count":"","_tribe_ticket_not_going_count":"","_tribe_tickets_list":"[]","_tribe_ticket_has_attendee_info_fields":false,"footnotes":"","_tec_slr_enabled":"","_tec_slr_layout":""},"categories":[340,46],"tags":[],"class_list":["post-28996","post","type-post","status-publish","format-standard","has-post-thumbnail","hentry","category-donde-alojarse","category-dove-alloggiare"],"ticketed":false,"_links":{"self":[{"href":"https:\/\/www.viveremaiorca.com\/es\/wp-json\/wp\/v2\/posts\/28996","targetHints":{"allow":["GET"]}}],"collection":[{"href":"https:\/\/www.viveremaiorca.com\/es\/wp-json\/wp\/v2\/posts"}],"about":[{"href":"https:\/\/www.viveremaiorca.com\/es\/wp-json\/wp\/v2\/types\/post"}],"author":[{"embeddable":true,"href":"https:\/\/www.viveremaiorca.com\/es\/wp-json\/wp\/v2\/users\/7"}],"replies":[{"embeddable":true,"href":"https:\/\/www.viveremaiorca.com\/es\/wp-json\/wp\/v2\/comments?post=28996"}],"version-history":[{"count":0,"href":"https:\/\/www.viveremaiorca.com\/es\/wp-json\/wp\/v2\/posts\/28996\/revisions"}],"wp:featuredmedia":[{"embeddable":true,"href":"https:\/\/www.viveremaiorca.com\/es\/wp-json\/wp\/v2\/media\/28837"}],"wp:attachment":[{"href":"https:\/\/www.viveremaiorca.com\/es\/wp-json\/wp\/v2\/media?parent=28996"}],"wp:term":[{"taxonomy":"category","embeddable":true,"href":"https:\/\/www.viveremaiorca.com\/es\/wp-json\/wp\/v2\/categories?post=28996"},{"taxonomy":"post_tag","embeddable":true,"href":"https:\/\/www.viveremaiorca.com\/es\/wp-json\/wp\/v2\/tags?post=28996"}],"curies":[{"name":"wp","href":"https:\/\/api.w.org\/{rel}","templated":true}]}}