{"id":45290,"date":"2023-05-30T15:22:18","date_gmt":"2023-05-30T13:22:18","guid":{"rendered":"https:\/\/www.viveremaiorca.com\/?p=45290"},"modified":"2025-03-06T09:36:07","modified_gmt":"2025-03-06T08:36:07","slug":"como-alquilar-un-barco-en-mallorca","status":"publish","type":"post","link":"https:\/\/www.viveremaiorca.com\/es\/que-hacer\/como-alquilar-un-barco-en-mallorca\/","title":{"rendered":"C\u00f3mo alquilar un barco en Mallorca"},"content":{"rendered":"\t\t<div data-elementor-type=\"wp-post\" data-elementor-id=\"45290\" class=\"elementor elementor-45290 elementor-36364\" data-elementor-post-type=\"post\">\n\t\t\t\t\t\t<section class=\"elementor-section elementor-top-section elementor-element elementor-element-ec051e0 elementor-section-boxed elementor-section-height-default elementor-section-height-default\" data-id=\"ec051e0\" data-element_type=\"section\" data-e-type=\"section\">\n\t\t\t\t\t\t<div class=\"elementor-container elementor-column-gap-default\">\n\t\t\t\t\t<div class=\"elementor-column elementor-col-100 elementor-top-column elementor-element elementor-element-eb42f0e\" data-id=\"eb42f0e\" data-element_type=\"column\" data-e-type=\"column\">\n\t\t\t<div class=\"elementor-widget-wrap elementor-element-populated\">\n\t\t\t\t\t\t<div class=\"elementor-element elementor-element-3812b74 elementor-widget elementor-widget-text-editor\" data-id=\"3812b74\" data-element_type=\"widget\" data-e-type=\"widget\" data-widget_type=\"text-editor.default\">\n\t\t\t\t<div class=\"elementor-widget-container\">\n\t\t\t\t\t\t\t\t\t<p>Cada viaje a Mallorca que se precie implica <strong>un d\u00eda en barco.<\/strong> No hay escapatoria.<\/p><p>No hay mejor manera, en verano, <strong>para disfrutar del maravilloso mar de Mallorca.<\/strong>\u00a0Con un barco se puede llegar a calas escondidas, evitando las multitudes en las playas m\u00e1s famosas y movi\u00e9ndose libremente a lo largo de la costa.<\/p><p>Si quieres hacer <strong>utilizar un barco a Mallorca,<\/strong> esta isla ofrece miles de posibilidades en cuanto a <a href=\"https:\/\/www.viveremaiorca.com\/es\/barcos\/\"><strong>alquiler de barcos y excursiones.<\/strong><\/a> Algunas buenas y otras no tanto.<\/p><p>Catamaranes, yates, veleros&#8230; \u00a1en Mallorca encontrar\u00e1s todo tipo de embarcaciones que puedas imaginar!<\/p><p>Tambi\u00e9n porque, con 300 d\u00edas de sol al a\u00f1o, un viento constante (que casi nunca provoca mar gruesa), hermosas bah\u00edas y paisajes impresionantes, \u00a1no podr\u00eda ser de otra manera! Basta con dar un paseo por Palma, a lo largo del <a href=\"https:\/\/www.viveremaiorca.com\/es\/que-ver\/palma\/paseo-maritimo\/\"><strong>Paseo Mar\u00edtimo,<\/strong><\/a> para darse cuenta de cu\u00e1ntos <strong>miles de barcos<\/strong> est\u00e1n amarrados aqu\u00ed, durante todo el a\u00f1o. No en vano, Palma es escenario de la <strong>Copa del Rey,<\/strong>\u00a0una de las regatas m\u00e1s importantes de Europa.<\/p><p>Pero antes de alquilar un barco o reservar una excursi\u00f3n, conviene saber algunas cosas.<\/p><p>En este art\u00edculo, te explicaremos <strong>todo lo que necesitas saber<\/strong> para alquilar un barco en Mallorca con tranquilidad. En qu\u00e9 zonas es mejor alquilar, qu\u00e9 documentos necesitas, d\u00f3nde puedes ir con un barco de alquiler y mucho m\u00e1s.<\/p><p>\u00a1Vamos!<\/p>\t\t\t\t\t\t\t\t<\/div>\n\t\t\t\t<\/div>\n\t\t\t\t<div class=\"elementor-element elementor-element-fdbc279 elementor-toc--minimized-on-tablet elementor-widget elementor-widget-table-of-contents\" data-id=\"fdbc279\" data-element_type=\"widget\" data-e-type=\"widget\" data-settings=\"{&quot;exclude_headings_by_selector&quot;:[],&quot;marker_view&quot;:&quot;bullets&quot;,&quot;icon&quot;:{&quot;value&quot;:&quot;&quot;,&quot;library&quot;:&quot;&quot;},&quot;no_headings_message&quot;:&quot;Non sono state trovate intestazioni in questa pagina.&quot;,&quot;headings_by_tags&quot;:[&quot;h2&quot;,&quot;h3&quot;,&quot;h4&quot;,&quot;h5&quot;,&quot;h6&quot;],&quot;minimize_box&quot;:&quot;yes&quot;,&quot;minimized_on&quot;:&quot;tablet&quot;,&quot;hierarchical_view&quot;:&quot;yes&quot;,&quot;min_height&quot;:{&quot;unit&quot;:&quot;px&quot;,&quot;size&quot;:&quot;&quot;,&quot;sizes&quot;:[]},&quot;min_height_tablet&quot;:{&quot;unit&quot;:&quot;px&quot;,&quot;size&quot;:&quot;&quot;,&quot;sizes&quot;:[]},&quot;min_height_mobile&quot;:{&quot;unit&quot;:&quot;px&quot;,&quot;size&quot;:&quot;&quot;,&quot;sizes&quot;:[]}}\" data-widget_type=\"table-of-contents.default\">\n\t\t\t\t<div class=\"elementor-widget-container\">\n\t\t\t\t\t\t\t\t\t<div class=\"elementor-toc__header\">\n\t\t\t\t\t\t<h5 class=\"elementor-toc__header-title\">\n\t\t\t\t\u00cdndice art\u00edculo\t\t\t<\/h5>\n\t\t\t\t\t\t\t\t\t\t<div class=\"elementor-toc__toggle-button elementor-toc__toggle-button--expand\" role=\"button\" tabindex=\"0\" aria-controls=\"elementor-toc__fdbc279\" aria-expanded=\"true\" aria-label=\"Abrir la tabla de contenidos\"><i aria-hidden=\"true\" class=\"fas fa-chevron-down\"><\/i><\/div>\n\t\t\t\t<div class=\"elementor-toc__toggle-button elementor-toc__toggle-button--collapse\" role=\"button\" tabindex=\"0\" aria-controls=\"elementor-toc__fdbc279\" aria-expanded=\"true\" aria-label=\"Cerrar la tabla de contenidos\"><i aria-hidden=\"true\" class=\"fas fa-chevron-up\"><\/i><\/div>\n\t\t\t\t\t<\/div>\n\t\t\t\t<div id=\"elementor-toc__fdbc279\" class=\"elementor-toc__body\">\n\t\t\t<div class=\"elementor-toc__spinner-container\">\n\t\t\t\t<i class=\"elementor-toc__spinner eicon-animation-spin eicon-loading\" aria-hidden=\"true\"><\/i>\t\t\t<\/div>\n\t\t<\/div>\n\t\t\t\t\t\t<\/div>\n\t\t\t\t<\/div>\n\t\t\t\t<div class=\"elementor-element elementor-element-3fb78c3 elementor-widget elementor-widget-heading\" data-id=\"3fb78c3\" data-element_type=\"widget\" data-e-type=\"widget\" data-widget_type=\"heading.default\">\n\t\t\t\t<div class=\"elementor-widget-container\">\n\t\t\t\t\t<h2 class=\"elementor-heading-title elementor-size-default\">Alquiler de barcos en Mallorca: \u00bfqu\u00e9 necesito?<\/h2>\t\t\t\t<\/div>\n\t\t\t\t<\/div>\n\t\t\t\t<div class=\"elementor-element elementor-element-8ad8e8c elementor-widget elementor-widget-text-editor\" data-id=\"8ad8e8c\" data-element_type=\"widget\" data-e-type=\"widget\" data-widget_type=\"text-editor.default\">\n\t\t\t\t<div class=\"elementor-widget-container\">\n\t\t\t\t\t\t\t\t\t<p>Hay diferentes tipos de ch\u00e1rter (los veremos en detalle en la siguiente secci\u00f3n). Pero digamos que quieres alquilar y conducir un barco en Mallorca. \u00bfQu\u00e9 documentos necesitas?<\/p><p>Por supuesto, en muchos casos necesitar\u00e1s una licencia n\u00e1utica.<\/p><p>El permiso n\u00e1utico es obligatorio para conducir un velero de m\u00e1s de 6 metros y para embarcaciones a motor de m\u00e1s de <strong>5 metros<\/strong> y\/o con una potencia superior a <strong>11,26 kw<\/strong> (15 CV) sin alejarse nunca m\u00e1s de <strong>2 millas<\/strong> de un puerto.<\/p><p>\u00bfQu\u00e9 m\u00e1s necesita para alquilar un barco con tranquilidad en Mallorca? Nada.<\/p><p>Lo \u00fanico, pero es una formalidad: es probable que el proveedor te pida una copia del documento de todos los <strong>pasajeros<\/strong> y un dep\u00f3sito a pagar. Pero de esto hablaremos m\u00e1s adelante.<\/p>\t\t\t\t\t\t\t\t<\/div>\n\t\t\t\t<\/div>\n\t\t\t\t<div class=\"elementor-element elementor-element-d5b935f elementor-widget elementor-widget-heading\" data-id=\"d5b935f\" data-element_type=\"widget\" data-e-type=\"widget\" data-widget_type=\"heading.default\">\n\t\t\t\t<div class=\"elementor-widget-container\">\n\t\t\t\t\t<h2 class=\"elementor-heading-title elementor-size-default\">Tipos de alquiler de barcos en Mallorca<\/h2>\t\t\t\t<\/div>\n\t\t\t\t<\/div>\n\t\t\t\t<div class=\"elementor-element elementor-element-768c1c5 elementor-widget elementor-widget-text-editor\" data-id=\"768c1c5\" data-element_type=\"widget\" data-e-type=\"widget\" data-widget_type=\"text-editor.default\">\n\t\t\t\t<div class=\"elementor-widget-container\">\n\t\t\t\t\t\t\t\t\t<p>Existen b\u00e1sicamente dos tipos de alquiler de embarcaciones: el <em><strong>charter <\/strong><\/em><strong>y el alquiler sin licencia.<\/strong><\/p>\t\t\t\t\t\t\t\t<\/div>\n\t\t\t\t<\/div>\n\t\t\t\t<div class=\"elementor-element elementor-element-b42e909 elementor-widget elementor-widget-heading\" data-id=\"b42e909\" data-element_type=\"widget\" data-e-type=\"widget\" data-widget_type=\"heading.default\">\n\t\t\t\t<div class=\"elementor-widget-container\">\n\t\t\t\t\t<h3 class=\"elementor-heading-title elementor-size-default\">Charter: alquiler de embarcaciones con o sin patr\u00f3n<\/h3>\t\t\t\t<\/div>\n\t\t\t\t<\/div>\n\t\t\t\t<div class=\"elementor-element elementor-element-2a5f686 elementor-widget elementor-widget-image\" data-id=\"2a5f686\" data-element_type=\"widget\" data-e-type=\"widget\" data-widget_type=\"image.default\">\n\t\t\t\t<div class=\"elementor-widget-container\">\n\t\t\t\t\t\t\t\t\t\t\t\t<figure class=\"wp-caption\">\n\t\t\t\t\t\t\t\t\t\t<img fetchpriority=\"high\" decoding=\"async\" width=\"800\" height=\"800\" src=\"https:\/\/www.viveremaiorca.com\/wp-content\/uploads\/DSC5989-2-1-1080x1080.jpg\" class=\"attachment-large size-large wp-image-44171\" alt=\"aquiler barco palma\" srcset=\"https:\/\/www.viveremaiorca.com\/wp-content\/uploads\/DSC5989-2-1-1080x1080.jpg 1080w, https:\/\/www.viveremaiorca.com\/wp-content\/uploads\/DSC5989-2-1-300x300.jpg 300w, https:\/\/www.viveremaiorca.com\/wp-content\/uploads\/DSC5989-2-1-100x100.jpg 100w, https:\/\/www.viveremaiorca.com\/wp-content\/uploads\/DSC5989-2-1-600x600.jpg 600w, https:\/\/www.viveremaiorca.com\/wp-content\/uploads\/DSC5989-2-1-150x150.jpg 150w, https:\/\/www.viveremaiorca.com\/wp-content\/uploads\/DSC5989-2-1-768x768.jpg 768w, https:\/\/www.viveremaiorca.com\/wp-content\/uploads\/DSC5989-2-1-1536x1536.jpg 1536w, https:\/\/www.viveremaiorca.com\/wp-content\/uploads\/DSC5989-2-1.jpg 2048w\" sizes=\"(max-width: 800px) 100vw, 800px\" \/>\t\t\t\t\t\t\t\t\t\t\t<figcaption class=\"widget-image-caption wp-caption-text\">Alquiler de charter con patr\u00f3n en Mallorca<\/figcaption>\n\t\t\t\t\t\t\t\t\t\t<\/figure>\n\t\t\t\t\t\t\t\t\t<\/div>\n\t\t\t\t<\/div>\n\t\t\t\t<div class=\"elementor-element elementor-element-93d6406 elementor-widget elementor-widget-text-editor\" data-id=\"93d6406\" data-element_type=\"widget\" data-e-type=\"widget\" data-widget_type=\"text-editor.default\">\n\t\t\t\t<div class=\"elementor-widget-container\">\n\t\t\t\t\t\t\t\t\t<p>Por definici\u00f3n, el\u00a0<em>charter\u00a0<\/em>es el alquiler de una embarcaci\u00f3n para uso recreativo. Esto se puede hacer\u00a0<strong>con o sin patr\u00f3n.<\/strong><\/p><p>Hablamos, por tanto, de embarcaciones de m\u00e1s de 5 metros y 11kw de potencia (por debajo de las cuales entramos en el alquiler sin licencia, que veremos en el siguiente apartado) y que se suelen alquilar <strong>por medio d\u00eda, un d\u00eda completo o varios d\u00edas.<\/strong><\/p><p>En caso de que tu o alguno de tus compa\u00f1eros de viaje pose\u00e1is una licencia de navegaci\u00f3n, podr\u00e1s alquilar un <em>charter<\/em> sin problemas.<\/p><p>En caso contrario, suelen ser las propias compa\u00f1\u00edas de <em>charter<\/em> las que <strong>ofrecen la posibilidad de alquilar un barco con patr\u00f3n,<\/strong> obviamente a una tarifa m\u00e1s elevada. Tambi\u00e9n el combustible suele pagarse aparte, en funci\u00f3n del consumo alcanzado.<\/p><p>La ventaja de un <em>charter<\/em> es sin duda la <strong>libertad <\/strong>para personalizar tu salida en barco. Por supuesto, los proveedores suelen tener rutas establecidas, pero estar\u00e1n encantados de adaptar la salida a las necesidades y peticiones del cliente.<\/p><p>Pero, \u00bfcu\u00e1ntas personas pueden participar, como m\u00e1ximo, en un <em>charter?<\/em> Depende del barco, claro. Pero, por ley, un ch\u00e1rter nunca puede acoger a m\u00e1s de <strong>14 pasajeros<\/strong> (incluido el patr\u00f3n).<\/p><p><em><img decoding=\"async\" class=\"emoji\" role=\"img\" draggable=\"false\" src=\"https:\/\/s.w.org\/images\/core\/emoji\/14.0.0\/svg\/1f449.svg\" alt=\"\ud83d\udc49\" \/> <strong><a href=\"https:\/\/www.viveremaiorca.com\/es\/barcos\/\">En este enlace puedes reservar los mejores charters en Mallorca, \u00a1con o sin patr\u00f3n!<\/a><\/strong><\/em><\/p>\t\t\t\t\t\t\t\t<\/div>\n\t\t\t\t<\/div>\n\t\t\t\t<div class=\"elementor-element elementor-element-ee0ed6b elementor-widget elementor-widget-heading\" data-id=\"ee0ed6b\" data-element_type=\"widget\" data-e-type=\"widget\" data-widget_type=\"heading.default\">\n\t\t\t\t<div class=\"elementor-widget-container\">\n\t\t\t\t\t<h3 class=\"elementor-heading-title elementor-size-default\">Alquiler de barcos sin licencia<\/h3>\t\t\t\t<\/div>\n\t\t\t\t<\/div>\n\t\t\t\t<div class=\"elementor-element elementor-element-ccda784 elementor-widget elementor-widget-text-editor\" data-id=\"ccda784\" data-element_type=\"widget\" data-e-type=\"widget\" data-widget_type=\"text-editor.default\">\n\t\t\t\t<div class=\"elementor-widget-container\">\n\t\t\t\t\t\t\t\t\t<p>Para los que buscan algo m\u00e1s sencillo y econ\u00f3mico para su d\u00eda en el barco y, sobre todo, para los que no tienen licencia, hay muchas posibilidades de <strong>alquiler de barcos sin licencia<\/strong> en Mallorca.<\/p><p>Ya los hemos mencionado en los p\u00e1rrafos anteriores, pero repasemos los requisitos para alquilar un barco sin licencia en Espa\u00f1a (y por tanto en Mallorca):<\/p><ul><li>embarcaciones a motor con una eslora m\u00e1xima de <strong>5 metros;<\/strong><\/li><li>embarcaciones de vela con una eslora m\u00e1xima de <strong>6 metros;<\/strong><\/li><li>potencia m\u00e1xima <strong>11,26kW (15cv);<\/strong><\/li><li>navegaci\u00f3n diurna con buena visibilidad;<\/li><li>alquiler reservado para <strong>mayores ed edad;<\/strong><\/li><li>distancia m\u00e1xima <strong>2 millas<\/strong> del puerto;<\/li><li>la embarcaci\u00f3n <strong>no puede ser una moto acu\u00e1tica.<\/strong> Las motos acu\u00e1ticas, en Mallorca, requieren licencia.<\/li><\/ul><p>En cuanto al l\u00edmite de pasajeros, estas embarcaciones suelen transportar un m\u00e1ximo de 5 \u00f3 6 personas. Al fin y al cabo, en 5 metros de barco el espacio es el que es.<\/p><p>Alquilar un barco sin licencia en Mallorca es, b\u00e1sicamente, \u00a1una gran diversi\u00f3n! Un d\u00eda alternativo (las embarcaciones suelen alquilarse por medio d\u00eda o un d\u00eda entero), durante el cual podr\u00e1s ver lugares y calas a los que de otro modo no podr\u00edas llegar.<\/p><p><em>\u00abS\u00ed, pero tengo un poco de miedo y nunca he conducido un barco\u00bb.<\/em><\/p><p>No te preocupes. Mientras tanto, los proveedores suelen ense\u00f1arte con todo detalle <strong>c\u00f3mo conducir el barco antes de la salida.<\/strong> Al fin y al cabo, aunque est\u00e9n asegurados, \u00a1son los primeros interesados en que el barco vuelva a puerto entero!<\/p><p>Por el mismo principio, el proveedor ser\u00e1 el primero en cancelar la salida en caso de que las condiciones meteorol\u00f3gicas y n\u00e1uticas no permitan una excursi\u00f3n segura.<\/p><p>Adem\u00e1s, la embarcaci\u00f3n puede tener un m\u00e1ximo de 15 caballos de potencia. <strong>Una potencia que es suficiente para que la navegaci\u00f3n sea divertida, \u00a1pero demasiado baja para que sea peligrosa!<\/strong> Por el amor de Dios, siempre hay que tener toda la precauci\u00f3n posible cuando se est\u00e1 en el mar. Pero con 15 CV el barco suele ir muy despacio.<\/p><p><em>\u00abS\u00ed, pero no sabr\u00eda ad\u00f3nde ir\u00bb.<\/em><\/p><p>De nuevo, \u00a1no hay de qu\u00e9 preocuparse! Por un lado, el proveedor te sugerir\u00e1 las mejores calas a las que llegar (tambi\u00e9n en funci\u00f3n de las condiciones del viento).<\/p><p>Por otro lado, si optas por alquilar un barco sin licencia con Vivere Maiorca (enlace m\u00e1s abajo), encontrar\u00e1s <strong>algunos consejos sobre lugares que ver<\/strong> con ese barco en la ficha de cada embarcaci\u00f3n.<\/p><p><em><img decoding=\"async\" class=\"emoji\" role=\"img\" draggable=\"false\" src=\"https:\/\/s.w.org\/images\/core\/emoji\/14.0.0\/svg\/1f449.svg\" alt=\"\ud83d\udc49\" \/><\/em><strong><a href=\"https:\/\/www.viveremaiorca.com\/es\/barcos\/\">\u00a1En este enlace puedes re<\/a><\/strong><em><strong><a href=\"https:\/\/www.viveremaiorca.com\/es\/barcos\/\">srvar los mejores barcos sin licencia en Mallorca!\u00a0<\/a><\/strong><\/em><\/p>\t\t\t\t\t\t\t\t<\/div>\n\t\t\t\t<\/div>\n\t\t\t\t<div class=\"elementor-element elementor-element-adcc946 elementor-widget elementor-widget-image\" data-id=\"adcc946\" data-element_type=\"widget\" data-e-type=\"widget\" data-widget_type=\"image.default\">\n\t\t\t\t<div class=\"elementor-widget-container\">\n\t\t\t\t\t\t\t\t\t\t\t\t<figure class=\"wp-caption\">\n\t\t\t\t\t\t\t\t\t\t<img decoding=\"async\" width=\"800\" height=\"450\" src=\"https:\/\/www.viveremaiorca.com\/wp-content\/uploads\/DJI_0286-1920x1080.jpg\" class=\"attachment-large size-large wp-image-44295\" alt=\"\" srcset=\"https:\/\/www.viveremaiorca.com\/wp-content\/uploads\/DJI_0286-1920x1080.jpg 1920w, https:\/\/www.viveremaiorca.com\/wp-content\/uploads\/DJI_0286-scaled-600x338.jpg 600w, https:\/\/www.viveremaiorca.com\/wp-content\/uploads\/DJI_0286-300x169.jpg 300w, https:\/\/www.viveremaiorca.com\/wp-content\/uploads\/DJI_0286-768x432.jpg 768w, https:\/\/www.viveremaiorca.com\/wp-content\/uploads\/DJI_0286-1536x864.jpg 1536w, https:\/\/www.viveremaiorca.com\/wp-content\/uploads\/DJI_0286-scaled.jpg 2048w\" sizes=\"(max-width: 800px) 100vw, 800px\" \/>\t\t\t\t\t\t\t\t\t\t\t<figcaption class=\"widget-image-caption wp-caption-text\">Alquiler de barcos sin licencia en Mallorca<\/figcaption>\n\t\t\t\t\t\t\t\t\t\t<\/figure>\n\t\t\t\t\t\t\t\t\t<\/div>\n\t\t\t\t<\/div>\n\t\t\t\t<div class=\"elementor-element elementor-element-c716119 elementor-widget elementor-widget-heading\" data-id=\"c716119\" data-element_type=\"widget\" data-e-type=\"widget\" data-widget_type=\"heading.default\">\n\t\t\t\t<div class=\"elementor-widget-container\">\n\t\t\t\t\t<h2 class=\"elementor-heading-title elementor-size-default\">\u00bfCu\u00e1nto cuesta alquilar un barco en Mallorca?<\/h2>\t\t\t\t<\/div>\n\t\t\t\t<\/div>\n\t\t\t\t<div class=\"elementor-element elementor-element-5fd962f elementor-widget elementor-widget-text-editor\" data-id=\"5fd962f\" data-element_type=\"widget\" data-e-type=\"widget\" data-widget_type=\"text-editor.default\">\n\t\t\t\t<div class=\"elementor-widget-container\">\n\t\t\t\t\t\t\t\t\t<p>El coste de un alquiler depende de varios factores.<\/p>\n<p>Por supuesto, una de las principales variables es el tipo de embarcaci\u00f3n y la capacidad. En general, las <strong>embarcaciones a vela<\/strong> son m\u00e1s caras que las de motor. Mientras que las soluciones sin licencia son las m\u00e1s asequibles.<\/p>\n<p>Otra variable clave es la <strong>temporada.<\/strong>&nbsp;Pr\u00e1cticamente todas las empresas de alquiler en Mallorca cobran precios m\u00e1s baratos en temporada baja (de abril a junio y septiembre\/octubre).<\/p>\n<p>La <strong>zona de alquiler<\/strong> tambi\u00e9n es una variable importante. La raz\u00f3n est\u00e1 relacionada principalmente con el precio del amarre. En algunas partes de la isla, \u00a1mantener un barco amarrado cuesta lo mismo que alquilar un piso de lujo!<\/p>\n<p><strong>Importante: <\/strong>adem\u00e1s de la tarifa de alquiler, los proveedores en Mallorca suelen requerir un <strong>dep\u00f3sito que se paga en el momento a la entrega. <\/strong>Cada proveedor tiene sus propias condiciones, pero en general este dep\u00f3sito servir\u00e1 para cubrir cualquier da\u00f1o a la devoluci\u00f3n de la embarcaci\u00f3n. El patr\u00f3n tambi\u00e9n suele pagarse aparte (por una tarifa que puede oscilar entre los 100 y los 200 euros por d\u00eda).<\/p>\n<p>En cuanto al combustible, algunos proveedores optan por hacer un <em>forfait<\/em> e incluir la gasolina en el precio del alquiler, pero normalmente se paga aparte al final de la actividad, en funci\u00f3n del consumo real.<\/p>\n<p>Haciendo n\u00fameros, para el alquiler sin licencia, se pueden encontrar soluciones a partir de <strong><a href=\"https:\/\/www.viveremaiorca.com\/es\/producto\/silver-495\/\">150\u20ac por medio d\u00eda.<\/a><\/strong>&nbsp;En cuanto al&nbsp;<em>charter<\/em>, el precio por 4 horas <strong><a href=\"https:\/\/www.viveremaiorca.com\/es\/producto\/mareti-585\/\">parte de 290\u20ac.<\/a><\/strong><\/p>\n<p>Echemos un vistazo a un simulacro de alquiler de barco (ch\u00e1rter) en temporada alta en Mallorca.<\/p>\n<p><strong>Ejemplo: <\/strong>soy un viajero alojado en <strong><a href=\"https:\/\/www.viveremaiorca.com\/es\/donde-alojarse\/el-arenal\/\">El Arenal<\/a><\/strong> y quiero alquilar un barco con patr\u00f3n para m\u00ed y mis 4 amigos para explorar la zona de Cala Blava, ya que he le\u00eddo en Vivere Maiorca que es una zona muy bonita. Quiero alquilar el barco el 10 de agosto.<\/p>\n<p>Voy a <a href=\"https:\/\/www.viveremaiorca.com\/es\/barcos\/\"><strong>www.viveremaiorca.com\/es\/barcos<\/strong><\/a> y elijo un barco. Me gusta mucho el <strong><a href=\"https:\/\/www.viveremaiorca.com\/es\/producto\/grand-marine-d600\/\">Grand Marine D600.<\/a><\/strong><\/p>\n<p><img decoding=\"async\" class=\"alignnone size-full wp-image-71062\" src=\"https:\/\/www.viveremaiorca.com\/wp-content\/uploads\/Captura-13.jpg\" alt=\"alquilar barcos mallorca\" width=\"820\" height=\"502\" data-cmp-info=\"10\" srcset=\"https:\/\/www.viveremaiorca.com\/wp-content\/uploads\/Captura-13.jpg 820w, https:\/\/www.viveremaiorca.com\/wp-content\/uploads\/Captura-13-300x184.jpg 300w, https:\/\/www.viveremaiorca.com\/wp-content\/uploads\/Captura-13-768x470.jpg 768w, https:\/\/www.viveremaiorca.com\/wp-content\/uploads\/Captura-13-600x367.jpg 600w\" sizes=\"(max-width: 820px) 100vw, 820px\" \/><\/p>\n<p>Selecciono la fecha del 15 de agosto e indico la opci\u00f3n de alquiler de 4 horas con patr\u00f3n.<\/p>\n<p><img loading=\"lazy\" decoding=\"async\" class=\"alignnone size-full wp-image-71065\" src=\"https:\/\/www.viveremaiorca.com\/wp-content\/uploads\/Captura-14.jpg\" alt=\"\" width=\"438\" height=\"618\" data-cmp-info=\"10\" srcset=\"https:\/\/www.viveremaiorca.com\/wp-content\/uploads\/Captura-14.jpg 438w, https:\/\/www.viveremaiorca.com\/wp-content\/uploads\/Captura-14-213x300.jpg 213w\" sizes=\"(max-width: 438px) 100vw, 438px\" \/><\/p>\n<p>El total del alquiler es de <strong>430 euros,<\/strong>&nbsp;incluido el patr\u00f3n.<strong>&nbsp;<\/strong>A lo que tendr\u00e9 que a\u00f1adir, a la entrega del barco, una fianza de 300 euros (que me devolver\u00e1n, salvo que decida destrozar el barco) y una cifra para combustible que rondar\u00e1 los <strong>60 euros.<\/strong><\/p>\n<p><img loading=\"lazy\" decoding=\"async\" class=\"alignnone size-full wp-image-71067\" src=\"https:\/\/www.viveremaiorca.com\/wp-content\/uploads\/Captura-15.jpg\" alt=\"\" width=\"363\" height=\"201\" data-cmp-info=\"10\" srcset=\"https:\/\/www.viveremaiorca.com\/wp-content\/uploads\/Captura-15.jpg 363w, https:\/\/www.viveremaiorca.com\/wp-content\/uploads\/Captura-15-300x166.jpg 300w\" sizes=\"(max-width: 363px) 100vw, 363px\" \/><\/p>\n<p><strong>El coste total ser\u00e1, por tanto, de 490\u20ac&nbsp;<\/strong>(123\u20ac por persona, aproximadamente).<\/p>\t\t\t\t\t\t\t\t<\/div>\n\t\t\t\t<\/div>\n\t\t\t\t<div class=\"elementor-element elementor-element-b1faed1 elementor-widget elementor-widget-heading\" data-id=\"b1faed1\" data-element_type=\"widget\" data-e-type=\"widget\" data-widget_type=\"heading.default\">\n\t\t\t\t<div class=\"elementor-widget-container\">\n\t\t\t\t\t<h2 class=\"elementor-heading-title elementor-size-default\">Reglas para navegar en Mallorca<\/h2>\t\t\t\t<\/div>\n\t\t\t\t<\/div>\n\t\t\t\t<div class=\"elementor-element elementor-element-bea9b4d elementor-widget elementor-widget-text-editor\" data-id=\"bea9b4d\" data-element_type=\"widget\" data-e-type=\"widget\" data-widget_type=\"text-editor.default\">\n\t\t\t\t<div class=\"elementor-widget-container\">\n\t\t\t\t\t\t\t\t\t<p>La primera <strong>regla fundamental<\/strong> a tener en cuenta y no olvidar (pena de una fuerte multa, entre otras cosas): est\u00e1 prohibido <strong>soltar el ancla sobre<\/strong> <em>posidonia<\/em>.<\/p><p>Expliqu\u00e9monos mejor.<\/p><p>La p<em>osidonia oce\u00e1nica<\/em> es esa planta de color verde oscuro\/negro que se encuentra a menudo en las playas de Mallorca. Odiada por la mayor\u00eda de los ba\u00f1istas, esta planta juega un papel <strong>fundamental<\/strong> para el litoral mallorqu\u00edn. No es este el lugar para describir la importancia de la <em>posidonia<\/em>. Baste decir que esta planta es un bien que hay que preservar y que es la principal responsable del color cristalino de las aguas mallorquinas.<\/p><p>Por eso est\u00e1 <strong>prohibido y perseguido por la ley colocar un ancla en las praderas de <em>posidonia<\/em> que se extienden por el fondo marino.<\/strong><\/p><p>\u00bfC\u00f3mo puedo reconocerlos? Muy sencillo. Cuando veas el fondo oscuro, \u00a1no eches el ancla!<\/p><p>Si quieres parar a nadar, aseg\u00farate de colocar el ancla<strong> donde el fondo marino est\u00e9 m\u00e1s despejado:<\/strong>\u00a0\u00a1est\u00e1s en una zona de arena y puedes echar el ancla sin problemas!<\/p><p><strong>Las multas para los que echan el ancla sobre la <em>posidonia<\/em> son muy caras y pueden alcanzar f\u00e1cilmente los 6.000 euros.<\/strong><\/p><p>En cuanto a la <strong>distancia m\u00ednima que debe mantenerse respecto a las playas,<\/strong> se distinguen dos casos:<\/p><ul><li>cuando la zona de ba\u00f1o est\u00e1\u00a0<strong>marcada por una franja de boyas\u00a0<\/strong>(paralela a la costa, a 200 metros de la playa) est\u00e1 absolutamente prohibido entrar en ella con una embarcaci\u00f3n, motorizada o no. De hecho, es una zona reservada exclusivamente a los ba\u00f1istas. En algunos casos, existe un pasillo (delimitado por boyas) que permite la entrada de embarcaciones, tablas de surf y\u00a0tablas de paddle;<\/li><li>cuando no hay marcas, se sigue entendiendo como zona de ba\u00f1o la zona adyacente a la l\u00ednea de costa con una anchura de 200 metros. Dentro de estas zonas no balizadas, no est\u00e1 permitida una velocidad superior a <strong>3 nudos\u00a0<\/strong>y la navegaci\u00f3n s\u00f3lo debe realizarse\u00a0<strong>perpendicularmente a la playa,<\/strong> con extrema precauci\u00f3n.<\/li><\/ul><p>Por lo dem\u00e1s, se aplican las normas habituales de sentido com\u00fan. No hagas maniobras temerarias, no conduzcas bajo los efectos del alcohol, no te acerques demasiado a la costa ni a otras embarcaciones.<\/p><p>Y, sobre todo, respeta el medio ambiente y no arrojes nada al mar: estas hermosas aguas son patrimonio de todos, \u00a1y todos tenemos derecho a disfrutarlas durante muchos a\u00f1os!<\/p>\t\t\t\t\t\t\t\t<\/div>\n\t\t\t\t<\/div>\n\t\t\t\t<div class=\"elementor-element elementor-element-fb291f8 elementor-widget elementor-widget-image\" data-id=\"fb291f8\" data-element_type=\"widget\" data-e-type=\"widget\" data-widget_type=\"image.default\">\n\t\t\t\t<div class=\"elementor-widget-container\">\n\t\t\t\t\t\t\t\t\t\t\t\t<figure class=\"wp-caption\">\n\t\t\t\t\t\t\t\t\t\t<img loading=\"lazy\" decoding=\"async\" width=\"800\" height=\"800\" src=\"https:\/\/www.viveremaiorca.com\/wp-content\/uploads\/DJI_0255-1080x1080.jpg\" class=\"attachment-large size-large wp-image-44111\" alt=\"boats&amp;joy\" srcset=\"https:\/\/www.viveremaiorca.com\/wp-content\/uploads\/DJI_0255-1080x1080.jpg 1080w, https:\/\/www.viveremaiorca.com\/wp-content\/uploads\/DJI_0255-300x300.jpg 300w, https:\/\/www.viveremaiorca.com\/wp-content\/uploads\/DJI_0255-100x100.jpg 100w, https:\/\/www.viveremaiorca.com\/wp-content\/uploads\/DJI_0255-600x600.jpg 600w, https:\/\/www.viveremaiorca.com\/wp-content\/uploads\/DJI_0255-150x150.jpg 150w, https:\/\/www.viveremaiorca.com\/wp-content\/uploads\/DJI_0255-768x768.jpg 768w, https:\/\/www.viveremaiorca.com\/wp-content\/uploads\/DJI_0255-1536x1536.jpg 1536w, https:\/\/www.viveremaiorca.com\/wp-content\/uploads\/DJI_0255.jpg 2048w\" sizes=\"(max-width: 800px) 100vw, 800px\" \/>\t\t\t\t\t\t\t\t\t\t\t<figcaption class=\"widget-image-caption wp-caption-text\">La zona oscura es posidonia, la zona clara es arena<\/figcaption>\n\t\t\t\t\t\t\t\t\t\t<\/figure>\n\t\t\t\t\t\t\t\t\t<\/div>\n\t\t\t\t<\/div>\n\t\t\t\t<div class=\"elementor-element elementor-element-4ee04e3 elementor-widget elementor-widget-heading\" data-id=\"4ee04e3\" data-element_type=\"widget\" data-e-type=\"widget\" data-widget_type=\"heading.default\">\n\t\t\t\t<div class=\"elementor-widget-container\">\n\t\t\t\t\t<h2 class=\"elementor-heading-title elementor-size-default\">D\u00f3nde alquilar un barco en Mallorca: las mejores zonas<\/h2>\t\t\t\t<\/div>\n\t\t\t\t<\/div>\n\t\t\t\t<div class=\"elementor-element elementor-element-7baa28a elementor-widget elementor-widget-text-editor\" data-id=\"7baa28a\" data-element_type=\"widget\" data-e-type=\"widget\" data-widget_type=\"text-editor.default\">\n\t\t\t\t<div class=\"elementor-widget-container\">\n\t\t\t\t\t\t\t\t\t<p>Con sus 500 km de costa y m\u00e1s de 300 playas, \u00a0Mallorca es un aut\u00e9ntico para\u00edso para los navegantes. Y no hay ning\u00fan tramo de costa que sea mejor que otro.<\/p><p>Es cierto: cada zona tiene sus particularidades y caracter\u00edsticas.<\/p><p><strong>La franja occidental es la Sierra de Tramuntana,<\/strong> Patrimonio de la Humanidad por la Unesco. En esta zona, el \u00fanico puerto donde se ofrecen ch\u00e1rter y alquiler de embarcaciones es el Port de S\u00f3ller. Los precios, sin embargo, son de media mucho m\u00e1s caros.<\/p><p><strong>Al norte, los dos puertos principales son <a href=\"https:\/\/www.viveremaiorca.com\/es\/donde-alojarse\/pollenca\/\">Port de Pollen\u00e7a<\/a>\u00a0y <a href=\"https:\/\/www.viveremaiorca.com\/es\/donde-alojarse\/alcudia-2\/\">Port de Alcudia. <\/a><\/strong>Aqu\u00ed puedes encontrar muchas soluciones de <em>charter<\/em> y alquiler sin licencia. Partiendo de estas zonas, podr\u00e1s admirar de cerca (y desde el mar) la <a href=\"https:\/\/www.viveremaiorca.com\/es\/que-ver\/playas\/playa-de-muro-2\/\"><strong>Playa de Muro,<\/strong><\/a> las bah\u00edas de Alcudia y Pollen\u00e7a y la <a href=\"https:\/\/www.viveremaiorca.com\/es\/que-ver\/cap-de-formentor-2\/\"><strong>zona de Formentor,<\/strong><\/a> un aut\u00e9ntico para\u00edso en el norte de la isla.<\/p><p>Todav\u00eda al norte, pero desplaz\u00e1ndose un poco hacia el este, se encuentra el <strong>Parque del Levante.<\/strong> Tierra de monta\u00f1as, playas de dunas y calas secretas. El puerto de escala aqu\u00ed es <strong><a href=\"https:\/\/www.viveremaiorca.com\/es\/donde-alojarse\/cala-ratjada-2\/\">Cala Ratjada.<\/a><\/strong> En esta zona, sin embargo, encontrar\u00e1s sobre todo excursiones en grupo y menos charters sin licencia. Precisamente desde Cala Rajada parte una de las <strong><a href=\"https:\/\/www.viveremaiorca.com\/es\/producto\/excursion-con-buffet-en-barco-en-el-noreste-de-mallorca\/\">excursiones en barco seleccionadas por Vivere Maiorca,<\/a><\/strong> que comprende 6 horas de navegaci\u00f3n con almuerzo y aperitivo.<\/p><p>Una zona a menudo infravalorada, pero llena de maravillas, es el suroeste de la isla, la zona de <strong>Sant Elm.<\/strong>\u00a0Desde aqu\u00ed, alquilando un <strong><a href=\"https:\/\/www.viveremaiorca.com\/es\/producto\/namare-485s\/\">barco sin licencia,<\/a> <\/strong>se puede navegar alrededor de la isla Dragonera y explorar la m\u00e1gica costa de Andratx. Por cierto, alquilar un barco en esta zona suele ser m\u00e1s barato que en la zona de Palma.<\/p><p>Palma, de hecho, junto con la Playa de Palma y El Arenal es la zona con mayor concentraci\u00f3n de embarcaciones de alquiler (tanto <em>charter\u00a0<\/em>como de alquiler sin licencia). Si buscas una soluci\u00f3n sin licencia, te desaconsejamos el puerto de Palma por una sencilla raz\u00f3n: con un barco tan peque\u00f1o y de tan poca potencia, no podr\u00e1s llegar a lugares muy interesantes desde Palma. Apenas podr\u00e1s llegar a Cala Major, por un lado, y al Molinar, por otro. Zonas no muy bonitas desde el punto de vista del ba\u00f1o.<\/p><p>En este caso, lo mejor es remitirse a la zona de El Arenal y <a href=\"https:\/\/www.viveremaiorca.com\/es\/donde-alojarse\/can-pastilla-2\/\"><strong>Can Pastilla,<\/strong><\/a> donde tambi\u00e9n encontrar\u00e1s varias soluciones interesantes para <strong><a href=\"https:\/\/www.viveremaiorca.com\/es\/barcos\/\">alquiler de barcos.<\/a><\/strong><\/p>\t\t\t\t\t\t\t\t<\/div>\n\t\t\t\t<\/div>\n\t\t\t\t<div class=\"elementor-element elementor-element-2babb39 elementor-widget elementor-widget-heading\" data-id=\"2babb39\" data-element_type=\"widget\" data-e-type=\"widget\" data-widget_type=\"heading.default\">\n\t\t\t\t<div class=\"elementor-widget-container\">\n\t\t\t\t\t<h2 class=\"elementor-heading-title elementor-size-default\">\u00bfMejor contratar un barco o una excursi\u00f3n?<\/h2>\t\t\t\t<\/div>\n\t\t\t\t<\/div>\n\t\t\t\t<div class=\"elementor-element elementor-element-3c85078 elementor-widget elementor-widget-text-editor\" data-id=\"3c85078\" data-element_type=\"widget\" data-e-type=\"widget\" data-widget_type=\"text-editor.default\">\n\t\t\t\t<div class=\"elementor-widget-container\">\n\t\t\t\t\t\t\t\t\t<p>Opini\u00f3n desapasionada de Vivere Maiorca: mil veces mejor <strong>alquilar un barco.<\/strong>\u00a0Por supuesto, sabemos que son dos experiencias de precios muy diferentes. Y alquilar un barco durante todo un d\u00eda para una pareja puede resultar bastante caro.<\/p><p>Pero si vienes a Mallorca con un grupo de amigos, un <em>charter\u00a0<\/em>con patr\u00f3n o un ch\u00e1rter sin licencia te permitir\u00e1 vivir el mar de otra manera, descubrir calas y rincones secretos, llevar lo que quieras en un barco, campar a tus anchas&#8230;<\/p><p>En definitiva, nada que ver con las excursiones en barco en grupo, que, en muchos casos, en Mallorca son experiencias un tanto falsas, en las que te encontrar\u00e1s compartiendo viejas barcazas con otras 30 o 40 personas.<\/p><p>Pero&#8230; S\u00ed, hay un pero. No todos los viajes en barco son malos. Hay algunos realmente buenos y recomendables.<\/p><p>Por eso, en nuestra secci\u00f3n <em>Barcos<\/em>, hemos seleccionado <a href=\"https:\/\/www.viveremaiorca.com\/es\/barcos\/\"><strong>varias excursiones<\/strong><\/a> en\u00a0que, en nuestra opini\u00f3n, son de las pocas realmente recomendables durante un viaje a Mallorca.<\/p>\t\t\t\t\t\t\t\t<\/div>\n\t\t\t\t<\/div>\n\t\t\t\t<div class=\"elementor-element elementor-element-2f4702d elementor-widget elementor-widget-heading\" data-id=\"2f4702d\" data-element_type=\"widget\" data-e-type=\"widget\" data-widget_type=\"heading.default\">\n\t\t\t\t<div class=\"elementor-widget-container\">\n\t\t\t\t\t<h2 class=\"elementor-heading-title elementor-size-default\">Alquilar un barco con Vivere Maiorca<\/h2>\t\t\t\t<\/div>\n\t\t\t\t<\/div>\n\t\t\t\t<div class=\"elementor-element elementor-element-f74164a elementor-widget elementor-widget-text-editor\" data-id=\"f74164a\" data-element_type=\"widget\" data-e-type=\"widget\" data-widget_type=\"text-editor.default\">\n\t\t\t\t<div class=\"elementor-widget-container\">\n\t\t\t\t\t\t\t\t\t<p>Lo dec\u00edamos al principio del art\u00edculo: la oferta de alquiler de barcos en Mallorca es muy, muy amplia. Y te dar\u00e1s cuenta de ello buscando en la web.<\/p><p>Pero la misi\u00f3n de Vivere Maiorca es <strong>ayudarte a vivir la isla al 100%,<\/strong>\u00a0un poco como hacemos nosotros.<\/p><p>Para ello, hemos inaugurado la secci\u00f3n <strong><a href=\"https:\/\/www.viveremaiorca.com\/es\/barcos\/\">Barcos<\/a> <\/strong> de la web. Aqu\u00ed encontrar\u00e1s diferentes soluciones de alquiler por diferentes puntos de la isla, seleccionadas para ti por Vivere Maiorca.<\/p><p>Hemos elegido a los mejores socios de la isla tras poner a prueba sus servicios. Todos ellos est\u00e1n estrat\u00e9gicamente situados para garantizarte siempre una experiencia satisfactoria en el mar.<\/p><p>Y si no sabes qu\u00e9 soluci\u00f3n elegir (no te preocupes, es normal estar un poco confuso si no conoces la isla), <strong>Vivere Maiorca est\u00e1 aqu\u00ed para ayudarte.<\/strong> <strong><a href=\"https:\/\/www.viveremaiorca.com\/es\/contactos\/\">Contacta con nosotros<\/a> <\/strong>y te ayudaremos a elegir la experiencia en barco perfecta para ti.<\/p><p>\u00a1Feliz navegaci\u00f3n!<\/p>\t\t\t\t\t\t\t\t<\/div>\n\t\t\t\t<\/div>\n\t\t\t\t\t<\/div>\n\t\t<\/div>\n\t\t\t\t\t<\/div>\n\t\t<\/section>\n\t\t\t\t<\/div>\n\t\t","protected":false},"excerpt":{"rendered":"<p>Cada viaje a Mallorca que se precie implica un d\u00eda en barco. No hay escapatoria. No hay mejor manera, en verano, para disfrutar del maravilloso mar de Mallorca.\u00a0Con un barco [&hellip;]<\/p>\n","protected":false},"author":7,"featured_media":36559,"comment_status":"open","ping_status":"closed","sticky":false,"template":"","format":"standard","meta":{"_monsterinsights_skip_tracking":false,"_price":"","_stock":"","_tribe_ticket_header":"","_tribe_default_ticket_provider":"","_tribe_ticket_capacity":"0","_ticket_start_date":"","_ticket_end_date":"","_tribe_ticket_show_description":"","_tribe_ticket_show_not_going":false,"_tribe_ticket_use_global_stock":"","_tribe_ticket_global_stock_level":"","_global_stock_mode":"","_global_stock_cap":"","_tribe_rsvp_for_event":"","_tribe_ticket_going_count":"","_tribe_ticket_not_going_count":"","_tribe_tickets_list":"[]","_tribe_ticket_has_attendee_info_fields":false,"footnotes":"","_tec_slr_enabled":"","_tec_slr_layout":""},"categories":[322],"tags":[],"class_list":["post-45290","post","type-post","status-publish","format-standard","has-post-thumbnail","hentry","category-que-hacer"],"ticketed":false,"_links":{"self":[{"href":"https:\/\/www.viveremaiorca.com\/es\/wp-json\/wp\/v2\/posts\/45290","targetHints":{"allow":["GET"]}}],"collection":[{"href":"https:\/\/www.viveremaiorca.com\/es\/wp-json\/wp\/v2\/posts"}],"about":[{"href":"https:\/\/www.viveremaiorca.com\/es\/wp-json\/wp\/v2\/types\/post"}],"author":[{"embeddable":true,"href":"https:\/\/www.viveremaiorca.com\/es\/wp-json\/wp\/v2\/users\/7"}],"replies":[{"embeddable":true,"href":"https:\/\/www.viveremaiorca.com\/es\/wp-json\/wp\/v2\/comments?post=45290"}],"version-history":[{"count":0,"href":"https:\/\/www.viveremaiorca.com\/es\/wp-json\/wp\/v2\/posts\/45290\/revisions"}],"wp:featuredmedia":[{"embeddable":true,"href":"https:\/\/www.viveremaiorca.com\/es\/wp-json\/wp\/v2\/media\/36559"}],"wp:attachment":[{"href":"https:\/\/www.viveremaiorca.com\/es\/wp-json\/wp\/v2\/media?parent=45290"}],"wp:term":[{"taxonomy":"category","embeddable":true,"href":"https:\/\/www.viveremaiorca.com\/es\/wp-json\/wp\/v2\/categories?post=45290"},{"taxonomy":"post_tag","embeddable":true,"href":"https:\/\/www.viveremaiorca.com\/es\/wp-json\/wp\/v2\/tags?post=45290"}],"curies":[{"name":"wp","href":"https:\/\/api.w.org\/{rel}","templated":true}]}}